{"id":75098,"date":"2023-03-01T16:20:03","date_gmt":"2023-03-01T15:20:03","guid":{"rendered":"https:\/\/2horizontes.com\/?p=75098"},"modified":"2023-03-01T16:20:05","modified_gmt":"2023-03-01T15:20:05","slug":"pacheco-ya-no-hay-tiempo-para-conocer-ley-de-partidos-politicos","status":"publish","type":"post","link":"https:\/\/2horizontes.com\/?p=75098","title":{"rendered":"Pacheco: Ya no hay tiempo para conocer ley de partidos pol\u00edticos"},"content":{"rendered":"\n<p><\/p>\n\n\n\n<p>SANTO DOMINGO.- El presidente de la C\u00e1mara de Diputados, Alfredo Pacheco, consider\u00f3 que ya no hay tiempo para conocer la ley de partidos pol\u00edticos, debido a que el proceso de la precampa\u00f1a comenzar\u00e1 dentro de poco.<\/p>\n\n\n\n<p>\u00abPienso que ya para la ley de partidos no hay tiempo y que el proceso de precampa\u00f1a comienza ahora, y por lo tanto, en una circunstancia as\u00ed se hace muy dif\u00edcil poder discutir las reglas, yo pienso que con la modificaci\u00f3n de la ley electoral tenderemos que lidiar y con este aspecto podemos perfectamente regir el proceso electoral del a\u00f1o que viene\u00bb, declar\u00f3&nbsp; periodistas de Noticias SIN.<\/p>\n\n\n\n<p>Preguntado&nbsp; sobre&nbsp; proyectos que comenzar\u00e1n a conocerse a partir de este martes 28 de febrero, Pacheco respondi\u00f3 que el propio presidente Luis Abinader ha dicho que va a someter varios de ellos.<\/p>\n\n\n\n<p>\u00abEso se dice, se rumora, nosotros estamos preparado para el conocimiento del mismo y de otros proyectos que pueda someter el Ejecutivo, porque siempre en el Congreso a partir del a\u00f1o 2020 tenemos un firme compromiso con reducir la mora legislativa\u00bb, expres\u00f3.<\/p>\n\n\n\n<p>jt\/am\/sp<\/p>\n","protected":false},"excerpt":{"rendered":"<p>SANTO DOMINGO.- El presidente de la C\u00e1mara de Diputados, Alfredo Pacheco, consider\u00f3 que ya no hay tiempo para conocer la ley de partidos pol\u00edticos, debido a que el proceso de la precampa\u00f1a comenzar\u00e1 dentro de poco. \u00abPienso que ya para la ley de partidos no hay tiempo y que el proceso de precampa\u00f1a comienza ahora, [&hellip;]<\/p>\n","protected":false},"author":1,"featured_media":73753,"comment_status":"open","ping_status":"open","sticky":false,"template":"","format":"standard","meta":{"footnotes":""},"categories":[43,44],"tags":[],"class_list":["post-75098","post","type-post","status-publish","format-standard","has-post-thumbnail","hentry","category-politica","category-republica-dominicana"],"_links":{"self":[{"href":"https:\/\/2horizontes.com\/index.php?rest_route=\/wp\/v2\/posts\/75098","targetHints":{"allow":["GET"]}}],"collection":[{"href":"https:\/\/2horizontes.com\/index.php?rest_route=\/wp\/v2\/posts"}],"about":[{"href":"https:\/\/2horizontes.com\/index.php?rest_route=\/wp\/v2\/types\/post"}],"author":[{"embeddable":true,"href":"https:\/\/2horizontes.com\/index.php?rest_route=\/wp\/v2\/users\/1"}],"replies":[{"embeddable":true,"href":"https:\/\/2horizontes.com\/index.php?rest_route=%2Fwp%2Fv2%2Fcomments&post=75098"}],"version-history":[{"count":1,"href":"https:\/\/2horizontes.com\/index.php?rest_route=\/wp\/v2\/posts\/75098\/revisions"}],"predecessor-version":[{"id":75099,"href":"https:\/\/2horizontes.com\/index.php?rest_route=\/wp\/v2\/posts\/75098\/revisions\/75099"}],"wp:featuredmedia":[{"embeddable":true,"href":"https:\/\/2horizontes.com\/index.php?rest_route=\/wp\/v2\/media\/73753"}],"wp:attachment":[{"href":"https:\/\/2horizontes.com\/index.php?rest_route=%2Fwp%2Fv2%2Fmedia&parent=75098"}],"wp:term":[{"taxonomy":"category","embeddable":true,"href":"https:\/\/2horizontes.com\/index.php?rest_route=%2Fwp%2Fv2%2Fcategories&post=75098"},{"taxonomy":"post_tag","embeddable":true,"href":"https:\/\/2horizontes.com\/index.php?rest_route=%2Fwp%2Fv2%2Ftags&post=75098"}],"curies":[{"name":"wp","href":"https:\/\/api.w.org\/{rel}","templated":true}]}}