{"id":75085,"date":"2023-03-01T15:04:54","date_gmt":"2023-03-01T14:04:54","guid":{"rendered":"https:\/\/2horizontes.com\/?p=75085"},"modified":"2023-03-01T15:04:55","modified_gmt":"2023-03-01T14:04:55","slug":"la-modelo-dominico-espanola-isabel-heredia-colabora-con-la-reconocida-marca-time-force%ef%bf%bc","status":"publish","type":"post","link":"https:\/\/2horizontes.com\/?p=75085","title":{"rendered":"La modelo Dominico-espa\u00f1ola Isabel Heredia colabora con la reconocida marca\u00a0Time\u00a0Force\ufffc"},"content":{"rendered":"\n<p><\/p>\n\n\n\n<p>MADRID, ESPA\u00d1A.-&nbsp;&nbsp;Hoy es el D\u00eda Mundial de las Enfermedades Raras y, como cada a\u00f1o el 28 de Febrero, la joven modelo espa\u00f1ola de origen dominicano, Isabel Heredia Valle, quien padece desde hace 5 a\u00f1os, PKAN&nbsp;&nbsp;una enfermedad neurodegenerativa por acumulaci\u00f3n cerebral de hierro y que adem\u00e1s, causa trastorno del movimiento, hace una colaboraci\u00f3n profesional, este vez, con la reconocida marca internacional Time Force, con el principal objetivo de seguir dando visibilidad a esta enfermedad y as\u00ed incentivar a la investigaci\u00f3n de la misma y de otras patolog\u00edas neurodegenerativas.<\/p>\n\n\n\n<p>Isabel, quien naci\u00f3n en perfecto estado y que a la edad de 12 a\u00f1os su madre empez\u00f3 a notar, entre otras cosas, que perd\u00eda movimientos en sus extremidades inferiores, se ha destacado como referente internacional de esta enfermedad, dando visibilidad a trav\u00e9s de sus redes sociales donde acumula un cuarto de mill\u00f3n de seguidores de todas partes del mundo.&nbsp;<\/p>\n\n\n\n<p>Su lucha, encabezada por su madre la dominicana Yesenia&nbsp;&nbsp;Andrea Valle, para conseguir un tratamiento que mejore o detenga el deterioro f\u00edsico, adem\u00e1s de incentivar a la investigaci\u00f3n de su enfermedad, no se ha detenido, y por eso Heredia se ha ganado un puesto en importantes pasarelas espa\u00f1olas e internacionales, como modelo con discapacidad, desfilando para reconocidas firmas como la de Agatha Ruiz de la Prada.&nbsp;<\/p>\n\n\n\n<p>Isabel Heredia, adem\u00e1s de modelo, influencer, ha desfilado en el Runway de Dub\u00e1i y en esta ocasi\u00f3n se suma la marca de relojes Time Force en Espa\u00f1a, quien ha querido tomarla como referencia para dar visibilidad y potenciar su compromiso social a trav\u00e9s de la joven modelo con sonrisa contagiosa y mirada infinita.<\/p>\n\n\n\n<p>Time Forme<\/p>\n\n\n\n<p>La modelo Isabel Heredia luce la reciente gama de relojes para mujer \u201cStatus Chrono Lady\u201d, una pieza elegante que simboliza el rasgo intangible del estatus a trav\u00e9s de un conservador, pero a su vez, cautivante dise\u00f1o que sirve como un balanceado complemento tanto para una velada elegante, o para una aventura al aire libre, siempre preservando el estilo y elegancia con un ligero toque de deportividad.&nbsp;&nbsp;<\/p>\n\n\n\n<p>Este reloj se caracteriza por ser multifuncional. Es de cristal mineral templado con tratamiento de zafiro.&nbsp;&nbsp;Podr\u00e1n ver m\u00e1s detalles de esta pieza a trav\u00e9s del Instagram de @isabelherediaoficial.<\/p>\n\n\n\n<p>M\u00e1s sobre Isabel Heredia<\/p>\n\n\n\n<p>Pese a las dificultades motoras, consecuencia de la enfermedad que padece Isabel, su tenacidad y ganas de vivir la ha convertido en una luchadora incansable. Recientemente lanz\u00f3 su propia marca solidaria denominada \u201cIsabel Heredia\u201d con una l\u00ednea de cepillos para desenredar pelo tipo Curly u ondulado, la cual ha tenido una gran acogida en p\u00fablico de pelo afro.<\/p>\n\n\n\n<p>Entre sus pr\u00f3ximos proyectos, est\u00e1 expandir la marca Isabel Heredia y consolidarla a nivel internacional como un compromiso social de apoyar y dar visibilidad a estas enfermedades. Tambi\u00e9n promover la investigaci\u00f3n de las enfermedades raras, en concreto, las enfermedades neurodegenerativas por acumulaci\u00f3n cerebral de hierro (PKAN) que padece la joven modelo, ya que estas patolog\u00edas, por su baja prevalencia, no cuentan con el apoyo de los laboratorios de investigaci\u00f3n cient\u00edfica.<\/p>\n","protected":false},"excerpt":{"rendered":"<p>MADRID, ESPA\u00d1A.-&nbsp;&nbsp;Hoy es el D\u00eda Mundial de las Enfermedades Raras y, como cada a\u00f1o el 28 de Febrero, la joven modelo espa\u00f1ola de origen dominicano, Isabel Heredia Valle, quien padece desde hace 5 a\u00f1os, PKAN&nbsp;&nbsp;una enfermedad neurodegenerativa por acumulaci\u00f3n cerebral de hierro y que adem\u00e1s, causa trastorno del movimiento, hace una colaboraci\u00f3n profesional, este vez, [&hellip;]<\/p>\n","protected":false},"author":1,"featured_media":75086,"comment_status":"open","ping_status":"open","sticky":false,"template":"","format":"standard","meta":{"footnotes":""},"categories":[46,1,45],"tags":[],"class_list":["post-75085","post","type-post","status-publish","format-standard","has-post-thumbnail","hentry","category-dominicanos-en-madrid","category-entretenimiento","category-salud"],"_links":{"self":[{"href":"https:\/\/2horizontes.com\/index.php?rest_route=\/wp\/v2\/posts\/75085","targetHints":{"allow":["GET"]}}],"collection":[{"href":"https:\/\/2horizontes.com\/index.php?rest_route=\/wp\/v2\/posts"}],"about":[{"href":"https:\/\/2horizontes.com\/index.php?rest_route=\/wp\/v2\/types\/post"}],"author":[{"embeddable":true,"href":"https:\/\/2horizontes.com\/index.php?rest_route=\/wp\/v2\/users\/1"}],"replies":[{"embeddable":true,"href":"https:\/\/2horizontes.com\/index.php?rest_route=%2Fwp%2Fv2%2Fcomments&post=75085"}],"version-history":[{"count":1,"href":"https:\/\/2horizontes.com\/index.php?rest_route=\/wp\/v2\/posts\/75085\/revisions"}],"predecessor-version":[{"id":75087,"href":"https:\/\/2horizontes.com\/index.php?rest_route=\/wp\/v2\/posts\/75085\/revisions\/75087"}],"wp:featuredmedia":[{"embeddable":true,"href":"https:\/\/2horizontes.com\/index.php?rest_route=\/wp\/v2\/media\/75086"}],"wp:attachment":[{"href":"https:\/\/2horizontes.com\/index.php?rest_route=%2Fwp%2Fv2%2Fmedia&parent=75085"}],"wp:term":[{"taxonomy":"category","embeddable":true,"href":"https:\/\/2horizontes.com\/index.php?rest_route=%2Fwp%2Fv2%2Fcategories&post=75085"},{"taxonomy":"post_tag","embeddable":true,"href":"https:\/\/2horizontes.com\/index.php?rest_route=%2Fwp%2Fv2%2Ftags&post=75085"}],"curies":[{"name":"wp","href":"https:\/\/api.w.org\/{rel}","templated":true}]}}