{"id":75078,"date":"2023-02-25T15:06:54","date_gmt":"2023-02-25T14:06:54","guid":{"rendered":"https:\/\/2horizontes.com\/?p=75078"},"modified":"2023-02-25T15:06:58","modified_gmt":"2023-02-25T14:06:58","slug":"siguen-trabajos-de-verja-a-pesar-de-las-objeciones-de-medio-ambiente","status":"publish","type":"post","link":"https:\/\/2horizontes.com\/?p=75078","title":{"rendered":"Siguen trabajos de verja a pesar de las objeciones de Medio Ambiente"},"content":{"rendered":"\n<p>\u00a0<a rel=\"noreferrer noopener\" href=\"https:\/\/twitter.com\/share?url=https:\/\/almomento.net\/sigue-trabajos-de-la-verja-a-pesarde-objeciones-de-medio-ambiente\/&amp;text=Siguen%20trabajos%20de%20verja%20a%20pesar%20de%20las%20objeciones%20de%20Medio%20Ambiente\" target=\"_blank\"><\/a><\/p>\n\n\n\n<figure class=\"wp-block-embed is-type-rich is-provider-gestor-del-servicio wp-block-embed-gestor-del-servicio wp-embed-aspect-16-9 wp-has-aspect-ratio\"><div class=\"wp-block-embed__wrapper\">\n<iframe loading=\"lazy\" title=\"Muros y alambres en las fronteras: barreras para contener la migraci\u00f3n\" width=\"960\" height=\"540\" src=\"https:\/\/www.youtube.com\/embed\/tEWbASQzXQ4?feature=oembed\" frameborder=\"0\" allow=\"accelerometer; autoplay; clipboard-write; encrypted-media; gyroscope; picture-in-picture; web-share\" allowfullscreen><\/iframe>\n<\/div><\/figure>\n\n\n\n<p>SANTO DOMINGO.- El gobierno de la Rep\u00fablica Dominicana contin\u00faa la construcci\u00f3n de la verja en la frontera con Hait\u00ed a pesar de que el Ministerio de Medio Ambiente hizo objeciones a esta obra.<\/p>\n\n\n\n<p>En la zona de Laguna Saladilla, en la provincia Monte Cristi (noroeste dominicano) palas mec\u00e1nicas segu\u00edan este viernes extrayendo tierra con la finalidad de \u201crellenar el muro\u201d, inform\u00f3 este s\u00e1bado el peri\u00f3dico List\u00edn Diario.<\/p>\n\n\n\n<p>El pasado mi\u00e9rcoles, el Ministerio de Medio Ambiente y Recursos Naturales inform\u00f3 en un comunicado que hab\u00eda ordenado el 21 de enero de 2023 paralizar los trabajos de la verja al evidenciarse extracci\u00f3n no autorizada de materiales de la corteza terrestre as\u00ed como el corte de \u00e1rboles y rellenos de material dentro del \u00e1rea protegida Laguna Saladilla.<\/p>\n\n\n\n<p>\u201cEste Ministerio procedi\u00f3 a identificar las medidas correctivas de lugar e inici\u00f3 el procedimiento administrativo sancionador en contra de los responsables de las violaciones a la ley ambiental\u201d, se\u00f1al\u00f3.<\/p>\n\n\n\n<p>De inmediato, el &nbsp;Ministerio de Defensa (MIDE) desminti\u00f3 que dichos trabajos est\u00e9n provocando da\u00f1os en la zona protegida Laguna Saladilla, Asegur\u00f3&nbsp; que para los mismos \u201cse ha tomado en cuenta la mitigaci\u00f3n del impacto ambiental en las \u00e1reas sensibles y se ha contado con el acompa\u00f1amiento del Ministerio de Medio Ambiente\u00bb.<\/p>\n\n\n\n<p>El organismo castrense emiti\u00f3 un documento horas despu\u00e9s de que Medio Ambiente anunciara haber paralizado la construcci\u00f3n de la obra, debido a que comprob\u00f3 violaciones de esa \u00e1rea protegida.<\/p>\n\n\n\n<p><strong>SOLO SE HAN TOCADO 6,000 METROS<\/strong><\/p>\n\n\n\n<p>El Ministerio de Defensa asegur\u00f3 en su comunicado que le ha dado seguimiento a las pautas trazadas, y en el caso de los humedales y manglares de Laguna Saladilla, que ocupan 1,500,000 metros cuadrados, solo se han tocado aproximadamente 6,000 metros cuadrados (0.04 % del espacio), abriendo una trocha para la verja de unos 250 metros lineales.<\/p>\n\n\n\n<p>jt\/am\/sp<\/p>\n\n\n\n<p><strong>ASI SER\u00c1 LA VERJA FRONTERIZA<\/strong><\/p>\n\n\n\n<figure class=\"wp-block-embed is-type-rich is-provider-gestor-del-servicio wp-block-embed-gestor-del-servicio wp-embed-aspect-16-9 wp-has-aspect-ratio\"><div class=\"wp-block-embed__wrapper\">\n<iframe loading=\"lazy\" title=\"As\u00ed ser\u00e1 la verja perimetral de la frontera de Rep\u00fablica Dominicana y Haiti\" width=\"960\" height=\"540\" src=\"https:\/\/www.youtube.com\/embed\/X9k4eq6MY9A?feature=oembed\" frameborder=\"0\" allow=\"accelerometer; autoplay; clipboard-write; encrypted-media; gyroscope; picture-in-picture; web-share\" allowfullscreen><\/iframe>\n<\/div><\/figure>\n\n\n\n<p><strong>MINISTRO DE LAS FUERZAS ARMADA SUPERVISA LOS TRABAJOS DE LA VERJA<\/strong><\/p>\n\n\n\n<figure class=\"wp-block-embed is-type-rich is-provider-gestor-del-servicio wp-block-embed-gestor-del-servicio wp-embed-aspect-16-9 wp-has-aspect-ratio\"><div class=\"wp-block-embed__wrapper\">\n<iframe loading=\"lazy\" title=\"Construcci\u00f3n de muro fronterizo avanza en El\u00edas Pi\u00f1a | 9 de febrero de 2023\" width=\"960\" height=\"540\" src=\"https:\/\/www.youtube.com\/embed\/oZVrPp8ZW_E?feature=oembed\" frameborder=\"0\" allow=\"accelerometer; autoplay; clipboard-write; encrypted-media; gyroscope; picture-in-picture; web-share\" allowfullscreen><\/iframe>\n<\/div><\/figure>\n\n\n\n<p><\/p>\n\n\n\n<p><\/p>\n","protected":false},"excerpt":{"rendered":"<p>\u00a0 SANTO DOMINGO.- El gobierno de la Rep\u00fablica Dominicana contin\u00faa la construcci\u00f3n de la verja en la frontera con Hait\u00ed a pesar de que el Ministerio de Medio Ambiente hizo objeciones a esta obra. En la zona de Laguna Saladilla, en la provincia Monte Cristi (noroeste dominicano) palas mec\u00e1nicas segu\u00edan este viernes extrayendo tierra con [&hellip;]<\/p>\n","protected":false},"author":1,"featured_media":75082,"comment_status":"open","ping_status":"open","sticky":false,"template":"","format":"standard","meta":{"footnotes":""},"categories":[54,47,44],"tags":[],"class_list":["post-75078","post","type-post","status-publish","format-standard","has-post-thumbnail","hentry","category-emigrantes","category-haiti","category-republica-dominicana"],"_links":{"self":[{"href":"https:\/\/2horizontes.com\/index.php?rest_route=\/wp\/v2\/posts\/75078","targetHints":{"allow":["GET"]}}],"collection":[{"href":"https:\/\/2horizontes.com\/index.php?rest_route=\/wp\/v2\/posts"}],"about":[{"href":"https:\/\/2horizontes.com\/index.php?rest_route=\/wp\/v2\/types\/post"}],"author":[{"embeddable":true,"href":"https:\/\/2horizontes.com\/index.php?rest_route=\/wp\/v2\/users\/1"}],"replies":[{"embeddable":true,"href":"https:\/\/2horizontes.com\/index.php?rest_route=%2Fwp%2Fv2%2Fcomments&post=75078"}],"version-history":[{"count":1,"href":"https:\/\/2horizontes.com\/index.php?rest_route=\/wp\/v2\/posts\/75078\/revisions"}],"predecessor-version":[{"id":75083,"href":"https:\/\/2horizontes.com\/index.php?rest_route=\/wp\/v2\/posts\/75078\/revisions\/75083"}],"wp:featuredmedia":[{"embeddable":true,"href":"https:\/\/2horizontes.com\/index.php?rest_route=\/wp\/v2\/media\/75082"}],"wp:attachment":[{"href":"https:\/\/2horizontes.com\/index.php?rest_route=%2Fwp%2Fv2%2Fmedia&parent=75078"}],"wp:term":[{"taxonomy":"category","embeddable":true,"href":"https:\/\/2horizontes.com\/index.php?rest_route=%2Fwp%2Fv2%2Fcategories&post=75078"},{"taxonomy":"post_tag","embeddable":true,"href":"https:\/\/2horizontes.com\/index.php?rest_route=%2Fwp%2Fv2%2Ftags&post=75078"}],"curies":[{"name":"wp","href":"https:\/\/api.w.org\/{rel}","templated":true}]}}