{"id":75043,"date":"2023-02-13T17:55:05","date_gmt":"2023-02-13T16:55:05","guid":{"rendered":"https:\/\/2horizontes.com\/?p=75043"},"modified":"2023-02-13T17:55:06","modified_gmt":"2023-02-13T16:55:06","slug":"presidente-abinader-inaugurara-miercoles-circunvalacion-de-azua","status":"publish","type":"post","link":"https:\/\/2horizontes.com\/?p=75043","title":{"rendered":"Presidente Abinader inaugurar\u00e1 mi\u00e9rcoles Circunvalaci\u00f3n de Azua"},"content":{"rendered":"\n<p><\/p>\n\n\n\n<p>SANTO DOMINGO.- El presidente Luis Abinader inaugurar\u00e1 este mi\u00e9rcoles la Circunvalaci\u00f3n de Azua, esperada por a\u00f1os por los habitantes de la regi\u00f3n Sur.<\/p>\n\n\n\n<p>La v\u00eda tiene una longitud de 12 kil\u00f3metros, ser\u00e1 de dos carriles y tendr\u00e1 12 puentes tipo caj\u00f3n, barandas protectoras laterales, se\u00f1alizaci\u00f3n horizontal y vertical.<\/p>\n\n\n\n<p>Esta importante infraestructura comunicar\u00e1 las provincias de Azua, San Juan, Barahona, Pedernales, Independencia, Bahoruco, Peravia, San Crist\u00f3bal, y Distrito Nacional.<\/p>\n\n\n\n<p>Previo a la inauguraci\u00f3n, el mandatario asistir\u00e1 a la apertura del primer Festival del Tomate 2023, que se realizar\u00e1 desde 15 al 19 de febrero, una iniciativa de la Gobernaci\u00f3n Provincial con el apoyo del Fondo Especial para el Desarrollo Agropecuario (FEDA).<\/p>\n\n\n\n<p>Luego, Abinader y la Unidad T\u00e9cnica Ejecutora de Titulaci\u00f3n de Terrenos del Estado (UTECT) entregar\u00e1n de t\u00edtulos de propiedad en la comunidad de Villa Coraz\u00f3n de Jes\u00fas, en el distrito municipal del Barro.<\/p>\n\n\n\n<p>\u00a1Comparte esta noticia!<\/p>\n","protected":false},"excerpt":{"rendered":"<p>SANTO DOMINGO.- El presidente Luis Abinader inaugurar\u00e1 este mi\u00e9rcoles la Circunvalaci\u00f3n de Azua, esperada por a\u00f1os por los habitantes de la regi\u00f3n Sur. La v\u00eda tiene una longitud de 12 kil\u00f3metros, ser\u00e1 de dos carriles y tendr\u00e1 12 puentes tipo caj\u00f3n, barandas protectoras laterales, se\u00f1alizaci\u00f3n horizontal y vertical. Esta importante infraestructura comunicar\u00e1 las provincias de [&hellip;]<\/p>\n","protected":false},"author":1,"featured_media":75044,"comment_status":"open","ping_status":"open","sticky":false,"template":"","format":"standard","meta":{"footnotes":""},"categories":[43,53,44],"tags":[],"class_list":["post-75043","post","type-post","status-publish","format-standard","has-post-thumbnail","hentry","category-politica","category-provincias","category-republica-dominicana"],"_links":{"self":[{"href":"https:\/\/2horizontes.com\/index.php?rest_route=\/wp\/v2\/posts\/75043","targetHints":{"allow":["GET"]}}],"collection":[{"href":"https:\/\/2horizontes.com\/index.php?rest_route=\/wp\/v2\/posts"}],"about":[{"href":"https:\/\/2horizontes.com\/index.php?rest_route=\/wp\/v2\/types\/post"}],"author":[{"embeddable":true,"href":"https:\/\/2horizontes.com\/index.php?rest_route=\/wp\/v2\/users\/1"}],"replies":[{"embeddable":true,"href":"https:\/\/2horizontes.com\/index.php?rest_route=%2Fwp%2Fv2%2Fcomments&post=75043"}],"version-history":[{"count":1,"href":"https:\/\/2horizontes.com\/index.php?rest_route=\/wp\/v2\/posts\/75043\/revisions"}],"predecessor-version":[{"id":75045,"href":"https:\/\/2horizontes.com\/index.php?rest_route=\/wp\/v2\/posts\/75043\/revisions\/75045"}],"wp:featuredmedia":[{"embeddable":true,"href":"https:\/\/2horizontes.com\/index.php?rest_route=\/wp\/v2\/media\/75044"}],"wp:attachment":[{"href":"https:\/\/2horizontes.com\/index.php?rest_route=%2Fwp%2Fv2%2Fmedia&parent=75043"}],"wp:term":[{"taxonomy":"category","embeddable":true,"href":"https:\/\/2horizontes.com\/index.php?rest_route=%2Fwp%2Fv2%2Fcategories&post=75043"},{"taxonomy":"post_tag","embeddable":true,"href":"https:\/\/2horizontes.com\/index.php?rest_route=%2Fwp%2Fv2%2Ftags&post=75043"}],"curies":[{"name":"wp","href":"https:\/\/api.w.org\/{rel}","templated":true}]}}