{"id":75012,"date":"2023-02-07T14:30:09","date_gmt":"2023-02-07T13:30:09","guid":{"rendered":"https:\/\/2horizontes.com\/?p=75012"},"modified":"2023-02-07T14:30:12","modified_gmt":"2023-02-07T13:30:12","slug":"dominicana-envia-condolencias-a-turquia-por-victimas-de-sismos","status":"publish","type":"post","link":"https:\/\/2horizontes.com\/?p=75012","title":{"rendered":"Dominicana env\u00eda condolencias a Turqu\u00eda por v\u00edctimas de sismos"},"content":{"rendered":"\n<p><\/p>\n\n\n\n<p>Santo Domingo, 6 feb.- El ministro de Relaciones Exteriores de la Rep\u00fablica Dominicana, Roberto \u00c1lvarez, transmiti\u00f3 este lunes sus condolencias a Turqu\u00eda por las v\u00edctimas del terremoto de magnitud 7,7 que hasta el momento ha causado m\u00e1s de 3.600 fallecidos en ese pa\u00eds.<\/p>\n\n\n\n<p>En un mensaje publicado en su perfil de Twitter, el canciller extendi\u00f3, en nombre del Ejecutivo dominicano, las \u00abprofundas condolencias al pueblo y gobierno de Turqu\u00eda por las p\u00e9rdidas humanas y materiales causadas por el terremoto en la provincia de Hatay y el sur del pa\u00eds. Nuestra solidaridad con el hermano pueblo turco\u00bb.<\/p>\n\n\n\n<p>A los 1.121 fallecidos y m\u00e1s de 5.300 heridos en Turqu\u00eda, se suman otras 820 v\u00edctimas mortales y m\u00e1s de 2.300 heridos en territorio sirio.<\/p>\n\n\n\n<p>Esta tragedia est\u00e1 generando infinidad de mensajes de apoyo y solidaridad y el env\u00edo de ayuda urgente, personal m\u00e9dico y de rescate desde distintos pa\u00edses.<\/p>\n\n\n\n<p>\u00a1Comparte esta noticia!<\/p>\n","protected":false},"excerpt":{"rendered":"<p>Santo Domingo, 6 feb.- El ministro de Relaciones Exteriores de la Rep\u00fablica Dominicana, Roberto \u00c1lvarez, transmiti\u00f3 este lunes sus condolencias a Turqu\u00eda por las v\u00edctimas del terremoto de magnitud 7,7 que hasta el momento ha causado m\u00e1s de 3.600 fallecidos en ese pa\u00eds. En un mensaje publicado en su perfil de Twitter, el canciller extendi\u00f3, [&hellip;]<\/p>\n","protected":false},"author":1,"featured_media":75013,"comment_status":"open","ping_status":"open","sticky":false,"template":"","format":"standard","meta":{"footnotes":""},"categories":[43,44],"tags":[],"class_list":["post-75012","post","type-post","status-publish","format-standard","has-post-thumbnail","hentry","category-politica","category-republica-dominicana"],"_links":{"self":[{"href":"https:\/\/2horizontes.com\/index.php?rest_route=\/wp\/v2\/posts\/75012","targetHints":{"allow":["GET"]}}],"collection":[{"href":"https:\/\/2horizontes.com\/index.php?rest_route=\/wp\/v2\/posts"}],"about":[{"href":"https:\/\/2horizontes.com\/index.php?rest_route=\/wp\/v2\/types\/post"}],"author":[{"embeddable":true,"href":"https:\/\/2horizontes.com\/index.php?rest_route=\/wp\/v2\/users\/1"}],"replies":[{"embeddable":true,"href":"https:\/\/2horizontes.com\/index.php?rest_route=%2Fwp%2Fv2%2Fcomments&post=75012"}],"version-history":[{"count":1,"href":"https:\/\/2horizontes.com\/index.php?rest_route=\/wp\/v2\/posts\/75012\/revisions"}],"predecessor-version":[{"id":75014,"href":"https:\/\/2horizontes.com\/index.php?rest_route=\/wp\/v2\/posts\/75012\/revisions\/75014"}],"wp:featuredmedia":[{"embeddable":true,"href":"https:\/\/2horizontes.com\/index.php?rest_route=\/wp\/v2\/media\/75013"}],"wp:attachment":[{"href":"https:\/\/2horizontes.com\/index.php?rest_route=%2Fwp%2Fv2%2Fmedia&parent=75012"}],"wp:term":[{"taxonomy":"category","embeddable":true,"href":"https:\/\/2horizontes.com\/index.php?rest_route=%2Fwp%2Fv2%2Fcategories&post=75012"},{"taxonomy":"post_tag","embeddable":true,"href":"https:\/\/2horizontes.com\/index.php?rest_route=%2Fwp%2Fv2%2Ftags&post=75012"}],"curies":[{"name":"wp","href":"https:\/\/api.w.org\/{rel}","templated":true}]}}