{"id":74999,"date":"2023-02-07T13:34:16","date_gmt":"2023-02-07T12:34:16","guid":{"rendered":"https:\/\/2horizontes.com\/?p=74999"},"modified":"2023-02-07T13:34:19","modified_gmt":"2023-02-07T12:34:19","slug":"senado-dominicano-estudia-un-proyecto-de-acogida-inmigrantes","status":"publish","type":"post","link":"https:\/\/2horizontes.com\/?p=74999","title":{"rendered":"Senado dominicano estudia un proyecto de acogida inmigrantes"},"content":{"rendered":"\n<p><\/p>\n\n\n\n<p>SANTO DOMINGO.- El Senado dominicano estudia un proyecto del Poder Ejecutivo para crear una ley que regular\u00eda la acogida y legalizaci\u00f3n de inmigrantes indocumentados v\u00edctimas de trata de personas y explotaci\u00f3n.<\/p>\n\n\n\n<p>Seg\u00fan reportan&nbsp; medios de prensa, el mismo gestionar\u00eda la permanencia regular de dichas v\u00edctimas en el pa\u00eds, luego de que realicen&nbsp; \u00ablos tr\u00e1mites necesarios para obtener permisos migratorios y de residencia\u00bb.&nbsp;&nbsp;Tambi\u00e9n podr\u00edan gestionar permisos de trabajo as\u00ed como cualquier otro que les sea necesario ante las instituciones estatales correspondientes.<\/p>\n\n\n\n<p>La pol\u00e9mica pieza,&nbsp; presentada el 12 de diciembre de 2022, ha comenzado a recibir rechazo de grupos nacionalistas que la consideran un subterfugio para la legalizar la presencia de inmigrantes haitianos en territorio dominicano.<\/p>\n\n\n\n<p><strong>SEGURO SALUD<\/strong><\/p>\n\n\n\n<p>El peri\u00f3dico List\u00edn Diario, al revelar este martes detalles del proyecto, especifica que ellas tambi\u00e9n podr\u00edan obtener un seguro de salud&nbsp; mientras permanezcan dentro de la Unidad de Identificaci\u00f3n, Atenci\u00f3n y Protecci\u00f3n de V\u00edctimas, Sobrevivientes y Testigos de Trata de Personas, una entidad que ser\u00e1 fundada en caso de aprobarse la ley.<\/p>\n\n\n\n<p>Adem\u00e1s, recibir\u00edan atenci\u00f3n integral, asistencia y protecci\u00f3n desde que sean identificados como v\u00edctimas; disponer de tiempo para su recuperaci\u00f3n y reflexi\u00f3n,&nbsp; participar en&nbsp; programas de atenci\u00f3n y ser acogidos en un albergue seguro y especializado, con datos protegidos por la confidencialidad.<\/p>\n\n\n\n<p><strong>RETORNO ASISTIDO<\/strong><\/p>\n\n\n\n<p>Asimismo, dispondr\u00edan de un \u201cretorno asistido\u201d a sus lugares de procedencia, que se realizar\u00eda en coordinaci\u00f3n con la embajada o consulado de su pa\u00eds.<\/p>\n\n\n\n<p>El proyecto establece que el migrante objeto de tr\u00e1fico il\u00edcito tendr\u00e1 los \u201cderechos irrenunciables e indivisibles\u201d, como protecci\u00f3n de su integridad f\u00edsica y emocional, protecci\u00f3n de su identidad y privacidad y el respeto a su personalidad.<\/p>\n\n\n\n<p><strong>INFORMACION EN SU IDIOMA<\/strong><\/p>\n\n\n\n<p>Tambi\u00e9n, tendr\u00eda derecho a recibir informaci\u00f3n clara y comprensible sobre los derechos que le asisten, en un idioma o medio que comprenda,&nbsp; acorde a la edad, grado de madurez o discapacidad, igual que ser informado de su derecho de ponerse en contacto con representantes diplom\u00e1ticos o consulares de su pa\u00eds de nacionalidad.<\/p>\n\n\n\n<p>Deber\u00e1, adem\u00e1s, recibir informaci\u00f3n clara y comprensible sobre su situaci\u00f3n legal y migratoria y sus opciones en un idioma o medio que comprenda acorde con su edad, grado de madurez o discapacidad.<\/p>\n\n\n\n<p><strong>ALOJAMIENTO Y ASISTENCIA MEDICA<\/strong><\/p>\n\n\n\n<p>Tendr\u00eda derecho a recibir alojamiento apropiado y seguro dentro de los centros que para eso establezca la Direcci\u00f3n General de Migraci\u00f3n, as\u00ed como cobertura de sus necesidades b\u00e1sicas de atenci\u00f3n inmediata.&nbsp;Tendr\u00eda asimismo la asistencia medica&nbsp; necesaria<\/p>\n\n\n\n<p>jt\/am<\/p>\n\n\n\n<p>\u00a1Comparte esta noticia!<\/p>\n","protected":false},"excerpt":{"rendered":"<p>SANTO DOMINGO.- El Senado dominicano estudia un proyecto del Poder Ejecutivo para crear una ley que regular\u00eda la acogida y legalizaci\u00f3n de inmigrantes indocumentados v\u00edctimas de trata de personas y explotaci\u00f3n. Seg\u00fan reportan&nbsp; medios de prensa, el mismo gestionar\u00eda la permanencia regular de dichas v\u00edctimas en el pa\u00eds, luego de que realicen&nbsp; \u00ablos tr\u00e1mites necesarios [&hellip;]<\/p>\n","protected":false},"author":1,"featured_media":75000,"comment_status":"open","ping_status":"open","sticky":false,"template":"","format":"standard","meta":{"footnotes":""},"categories":[47,44],"tags":[],"class_list":["post-74999","post","type-post","status-publish","format-standard","has-post-thumbnail","hentry","category-haiti","category-republica-dominicana"],"_links":{"self":[{"href":"https:\/\/2horizontes.com\/index.php?rest_route=\/wp\/v2\/posts\/74999","targetHints":{"allow":["GET"]}}],"collection":[{"href":"https:\/\/2horizontes.com\/index.php?rest_route=\/wp\/v2\/posts"}],"about":[{"href":"https:\/\/2horizontes.com\/index.php?rest_route=\/wp\/v2\/types\/post"}],"author":[{"embeddable":true,"href":"https:\/\/2horizontes.com\/index.php?rest_route=\/wp\/v2\/users\/1"}],"replies":[{"embeddable":true,"href":"https:\/\/2horizontes.com\/index.php?rest_route=%2Fwp%2Fv2%2Fcomments&post=74999"}],"version-history":[{"count":1,"href":"https:\/\/2horizontes.com\/index.php?rest_route=\/wp\/v2\/posts\/74999\/revisions"}],"predecessor-version":[{"id":75001,"href":"https:\/\/2horizontes.com\/index.php?rest_route=\/wp\/v2\/posts\/74999\/revisions\/75001"}],"wp:featuredmedia":[{"embeddable":true,"href":"https:\/\/2horizontes.com\/index.php?rest_route=\/wp\/v2\/media\/75000"}],"wp:attachment":[{"href":"https:\/\/2horizontes.com\/index.php?rest_route=%2Fwp%2Fv2%2Fmedia&parent=74999"}],"wp:term":[{"taxonomy":"category","embeddable":true,"href":"https:\/\/2horizontes.com\/index.php?rest_route=%2Fwp%2Fv2%2Fcategories&post=74999"},{"taxonomy":"post_tag","embeddable":true,"href":"https:\/\/2horizontes.com\/index.php?rest_route=%2Fwp%2Fv2%2Ftags&post=74999"}],"curies":[{"name":"wp","href":"https:\/\/api.w.org\/{rel}","templated":true}]}}