{"id":74996,"date":"2023-02-01T15:01:07","date_gmt":"2023-02-01T14:01:07","guid":{"rendered":"https:\/\/2horizontes.com\/?p=74996"},"modified":"2023-02-01T15:01:10","modified_gmt":"2023-02-01T14:01:10","slug":"madrid-dominicano-recibe-un-machetazo-en-la-cabeza-en-una-pelea-en-discoteca","status":"publish","type":"post","link":"https:\/\/2horizontes.com\/?p=74996","title":{"rendered":"MADRID: Dominicano recibe \u00abun machetazo en la cabeza\u00bb en una pelea en discoteca"},"content":{"rendered":"\n<p>MADRID.- La Polic\u00eda Nacional est\u00e1 investigando la agresi\u00f3n sufrida por un joven en una discoteca de Vallecas la ma\u00f1ana del lunes.<\/p>\n\n\n\n<p>La propia v\u00edctima afirm\u00f3 que le hab\u00edan \u00abatacado con un machete\u00bb en la cabeza y achacaba la agresi\u00f3n a \u00abuna banda latina\u00bb. Fuentes policiales de toda solvencia niegan este \u00faltimo extremo, toda vez que la Brigada Provincial de Informaci\u00f3n y los investigadores de Puente de Vallecas han podido comprobar que no se trata de un asunto entre bandas juveniles.<\/p>\n\n\n\n<p>El protagonista de esta historia se puso en contacto con la Polic\u00eda cuando ya se encontraba en la calle de Yecla, en el distrito de San Blas-Vic\u00e1lvaro, de vuelta a casa. Eran cerca de las once de la ma\u00f1ana.<\/p>\n\n\n\n<p>Manifest\u00f3 que hab\u00eda salido la noche del domingo a una discoteca latina llamada \u00c1gora Hd, en la calle de Carlos Mart\u00edn \u00c1lvarez, en Vallecas. Aunque el horario de cierre es a las seis de la ma\u00f1ana, dijo que el suceso ocurri\u00f3 alrededor de una hora antes de la llamada de auxilio.<\/p>\n\n\n\n<p>El joven, de 25 a\u00f1os y natural de la Rep\u00fablica Dominicana afirm\u00f3: \u00abHe recibido un machetazo a manos de una banda latina\u00bb. Y dijo que hab\u00eda sido en el interior de la sala de fiestas, sobre las diez de la ma\u00f1ana.<\/p>\n\n\n\n<p>Al lugar acudieron polic\u00edas nacionales y municipales. Fue comisionado el Samur, que recibi\u00f3 la alerta a las 10.47 horas. El herido presentaba una raja en la cabeza, por arma blanca, sangraba abundantemente y fue trasladado al hospital Infanta Leonor.<\/p>\n\n\n\n<p>Las posteriores investigaciones han determinado que se trat\u00f3 de una pelea entre dos grupos en la discoteca.<\/p>\n","protected":false},"excerpt":{"rendered":"<p>MADRID.- La Polic\u00eda Nacional est\u00e1 investigando la agresi\u00f3n sufrida por un joven en una discoteca de Vallecas la ma\u00f1ana del lunes. La propia v\u00edctima afirm\u00f3 que le hab\u00edan \u00abatacado con un machete\u00bb en la cabeza y achacaba la agresi\u00f3n a \u00abuna banda latina\u00bb. Fuentes policiales de toda solvencia niegan este \u00faltimo extremo, toda vez que [&hellip;]<\/p>\n","protected":false},"author":1,"featured_media":74997,"comment_status":"open","ping_status":"open","sticky":false,"template":"","format":"standard","meta":{"footnotes":""},"categories":[46,85],"tags":[],"class_list":["post-74996","post","type-post","status-publish","format-standard","has-post-thumbnail","hentry","category-dominicanos-en-madrid","category-espana"],"_links":{"self":[{"href":"https:\/\/2horizontes.com\/index.php?rest_route=\/wp\/v2\/posts\/74996","targetHints":{"allow":["GET"]}}],"collection":[{"href":"https:\/\/2horizontes.com\/index.php?rest_route=\/wp\/v2\/posts"}],"about":[{"href":"https:\/\/2horizontes.com\/index.php?rest_route=\/wp\/v2\/types\/post"}],"author":[{"embeddable":true,"href":"https:\/\/2horizontes.com\/index.php?rest_route=\/wp\/v2\/users\/1"}],"replies":[{"embeddable":true,"href":"https:\/\/2horizontes.com\/index.php?rest_route=%2Fwp%2Fv2%2Fcomments&post=74996"}],"version-history":[{"count":1,"href":"https:\/\/2horizontes.com\/index.php?rest_route=\/wp\/v2\/posts\/74996\/revisions"}],"predecessor-version":[{"id":74998,"href":"https:\/\/2horizontes.com\/index.php?rest_route=\/wp\/v2\/posts\/74996\/revisions\/74998"}],"wp:featuredmedia":[{"embeddable":true,"href":"https:\/\/2horizontes.com\/index.php?rest_route=\/wp\/v2\/media\/74997"}],"wp:attachment":[{"href":"https:\/\/2horizontes.com\/index.php?rest_route=%2Fwp%2Fv2%2Fmedia&parent=74996"}],"wp:term":[{"taxonomy":"category","embeddable":true,"href":"https:\/\/2horizontes.com\/index.php?rest_route=%2Fwp%2Fv2%2Fcategories&post=74996"},{"taxonomy":"post_tag","embeddable":true,"href":"https:\/\/2horizontes.com\/index.php?rest_route=%2Fwp%2Fv2%2Ftags&post=74996"}],"curies":[{"name":"wp","href":"https:\/\/api.w.org\/{rel}","templated":true}]}}