{"id":74992,"date":"2023-02-01T14:48:04","date_gmt":"2023-02-01T13:48:04","guid":{"rendered":"https:\/\/2horizontes.com\/?p=74992"},"modified":"2023-02-01T14:48:06","modified_gmt":"2023-02-01T13:48:06","slug":"entregan-premio-nacional-de-la-juventud-en-rep-dominicana","status":"publish","type":"post","link":"https:\/\/2horizontes.com\/?p=74992","title":{"rendered":"Entregan Premio Nacional de la Juventud en Rep. Dominicana"},"content":{"rendered":"\n<figure class=\"wp-block-embed is-type-rich is-provider-gestor-del-servicio wp-block-embed-gestor-del-servicio wp-embed-aspect-4-3 wp-has-aspect-ratio\"><div class=\"wp-block-embed__wrapper\">\n<iframe loading=\"lazy\" title=\"Premio Nacional de la Juventud 2023, dedicado a la Creatividad, el Arte y la Cultura.\" width=\"960\" height=\"720\" src=\"https:\/\/www.youtube.com\/embed\/xZBi0dkuwYo?feature=oembed\" frameborder=\"0\" allow=\"accelerometer; autoplay; clipboard-write; encrypted-media; gyroscope; picture-in-picture; web-share\" allowfullscreen><\/iframe>\n<\/div><\/figure>\n\n\n\n<p>SANTO DOMINGO.- Durante un acto encabezado por el presidente Luis Abinader, fue entregado este martes en la noche el Premio Nacional de la Juventud, en ocasi\u00f3n de celebrarse el d\u00eda de los j\u00f3venes en la Rep\u00fablica Dominicana.<\/p>\n\n\n\n<p>En la ceremonia, en la Plaza Espa\u00f1a de la Zona Colonial de esta capital, fue reconocido el trabajo de 15 j\u00f3venes dominicanos. El m\u00e1ximo galard\u00f3n&nbsp;&nbsp;\u201cPadre Luis Rosario\u201d fue para Katherine Motyka, fundadora de la plataforma digital \u201cJompeame\u201d.<\/p>\n\n\n\n<p>Otros ganadores fueron&nbsp; Chana de la Cruz en \u201cAportes a la Comunidad Campesina\u201d; Dayelis Cepeda en&nbsp;&nbsp;\u201cAportes a los Derechos Humanos\u201d; Peter George Bertr\u00e1n Ventura en \u201cDeporte internacional\u201d&nbsp; y Edward Espinosa en \u201cDeporte Nacional\u201d<\/p>\n\n\n\n<p>Adem\u00e1s Astrid Paolina G\u00f3mez en \u201cDesarrollo Cultura; Joel Tavarez; en \u201cDesarrollo empresarial y emprendimiento\u201d; Enmanuel Jim\u00e9nez en \u201cLiderazgo Pol\u00edtico\u201d, Yonattan Mercado Acosta en&nbsp;&nbsp;\u201cPreservaci\u00f3n y Fomento de los Recursos Naturales\u201d y Jefferson Romero en \u201cServicios sociales voluntarios a favor de la comunidad\u201d.<\/p>\n\n\n\n<p>Igualmente, Lola Josefina D\u00edaz en Superaci\u00f3n Profesional; Darwin V\u00e1zquez Leonardo en \u201cLiderazgo Religioso\u201d, Camila Reyes De Jes\u00fas en \u201cM\u00e9rito Estudiantil Universitario\u201d y Miguel \u00c1ngel Hern\u00e1ndez en \u201cM\u00e9rito Estudiantil Pre-Universitario\u201d y Quemuel Arroyo en \u201cJoven dominicano en el extranjero\u201d.<\/p>\n\n\n\n<p><strong>Otras distinciones&nbsp;<\/strong><\/p>\n\n\n\n<p>Se realizaron reconocimientos especiales a los j\u00f3venes Danilsa Pe\u00f1a, Olfany M\u00e9ndez, Valerie D\u00edaz, Marileidys Paulino, Keren Montero, Camilo Rijo Fulcar, Andre\u00edna Mart\u00ednez, Evaristo Angurria (Angurria), In\u00e9s Pa\u00e9z (Chef Tita),&nbsp;<em>Jos\u00e9 Rodr\u00edguez Cuello (Capricornio).<\/em><\/p>\n\n\n\n<p><strong>Funcionarios presentes&nbsp;<\/strong><\/p>\n\n\n\n<p>Adem\u00e1s del presidente Abinader estuvieron el ministro de la Juventud, Rafael Jes\u00fas Feliz Garc\u00eda, as\u00ed como funcionarios y personalidades de la vida pol\u00edtica y empresarial del pa\u00eds y cientos de j\u00f3venes.<\/p>\n\n\n\n<p><strong>Presidente insta a j\u00f3venes<\/strong><\/p>\n\n\n\n<p>Abinader inst\u00f3 a los j\u00f3venes a seguir apegados a la transparencia y les dijo que&nbsp; pueden contar con su gobierno.<\/p>\n\n\n\n<p>Destac\u00f3 las iniciativas y programas que desarrolla el Ministerio de la Juventud.&nbsp;&nbsp;\u201cLo importante es seguir trabajando con todos estos programas que tiene el Ministerio de la Juventud, el cual vamos a seguir apoyando con las Feria de Juventud y Emprendimiento; para que puedan apoyar el transporte y no solamente el universitario, tambi\u00e9n en la movilidad escolar\u00bb, dijo.<\/p>\n\n\n\n<p>De su lado, el titular de la Juventud, Feliz Garc\u00eda pas\u00f3 revista a los logros de su gesti\u00f3n en sus primeros 12 meses, en el cual dijo un&nbsp;total de 23,278 j\u00f3venes han sido impactados a trav\u00e9s de los diferentes programas y acciones.<\/p>\n\n\n\n<p>Producto del buen manejo financieros y buenas pr\u00e1cticas, sostuvo que por primera vez esa instituci\u00f3n iniciar\u00e1 el saldo de una deuda millonaria hist\u00f3rica con m\u00e1s de 28 universidades.&nbsp;<img loading=\"lazy\" decoding=\"async\" src=\"https:\/\/almomento.net\/wp-content\/uploads\/2023\/02\/unnamed-9-1024x682.jpg\" alt=\"\" width=\"573\" height=\"381\" srcset=\"https:\/\/almomento.net\/wp-content\/uploads\/2023\/02\/unnamed-9-1024x682.jpg 1024w, https:\/\/almomento.net\/wp-content\/uploads\/2023\/02\/unnamed-9-300x200.jpg 300w, https:\/\/almomento.net\/wp-content\/uploads\/2023\/02\/unnamed-9-768x512.jpg 768w, https:\/\/almomento.net\/wp-content\/uploads\/2023\/02\/unnamed-9-143x95.jpg 143w, https:\/\/almomento.net\/wp-content\/uploads\/2023\/02\/unnamed-9-375x250.jpg 375w, https:\/\/almomento.net\/wp-content\/uploads\/2023\/02\/unnamed-9.jpg 1280w\"><\/p>\n\n\n\n<p>\u00a1Comparte esta noticia!<\/p>\n\n\n\n<p><a href=\"https:\/\/almomento.net\/#facebook\" rel=\"noreferrer noopener\" target=\"_blank\"><\/a><\/p>\n","protected":false},"excerpt":{"rendered":"<p>SANTO DOMINGO.- Durante un acto encabezado por el presidente Luis Abinader, fue entregado este martes en la noche el Premio Nacional de la Juventud, en ocasi\u00f3n de celebrarse el d\u00eda de los j\u00f3venes en la Rep\u00fablica Dominicana. En la ceremonia, en la Plaza Espa\u00f1a de la Zona Colonial de esta capital, fue reconocido el trabajo [&hellip;]<\/p>\n","protected":false},"author":1,"featured_media":74994,"comment_status":"open","ping_status":"open","sticky":false,"template":"","format":"standard","meta":{"footnotes":""},"categories":[62,44],"tags":[],"class_list":["post-74992","post","type-post","status-publish","format-standard","has-post-thumbnail","hentry","category-cultura","category-republica-dominicana"],"_links":{"self":[{"href":"https:\/\/2horizontes.com\/index.php?rest_route=\/wp\/v2\/posts\/74992","targetHints":{"allow":["GET"]}}],"collection":[{"href":"https:\/\/2horizontes.com\/index.php?rest_route=\/wp\/v2\/posts"}],"about":[{"href":"https:\/\/2horizontes.com\/index.php?rest_route=\/wp\/v2\/types\/post"}],"author":[{"embeddable":true,"href":"https:\/\/2horizontes.com\/index.php?rest_route=\/wp\/v2\/users\/1"}],"replies":[{"embeddable":true,"href":"https:\/\/2horizontes.com\/index.php?rest_route=%2Fwp%2Fv2%2Fcomments&post=74992"}],"version-history":[{"count":1,"href":"https:\/\/2horizontes.com\/index.php?rest_route=\/wp\/v2\/posts\/74992\/revisions"}],"predecessor-version":[{"id":74995,"href":"https:\/\/2horizontes.com\/index.php?rest_route=\/wp\/v2\/posts\/74992\/revisions\/74995"}],"wp:featuredmedia":[{"embeddable":true,"href":"https:\/\/2horizontes.com\/index.php?rest_route=\/wp\/v2\/media\/74994"}],"wp:attachment":[{"href":"https:\/\/2horizontes.com\/index.php?rest_route=%2Fwp%2Fv2%2Fmedia&parent=74992"}],"wp:term":[{"taxonomy":"category","embeddable":true,"href":"https:\/\/2horizontes.com\/index.php?rest_route=%2Fwp%2Fv2%2Fcategories&post=74992"},{"taxonomy":"post_tag","embeddable":true,"href":"https:\/\/2horizontes.com\/index.php?rest_route=%2Fwp%2Fv2%2Ftags&post=74992"}],"curies":[{"name":"wp","href":"https:\/\/api.w.org\/{rel}","templated":true}]}}