{"id":74963,"date":"2022-12-19T20:41:04","date_gmt":"2022-12-19T19:41:04","guid":{"rendered":"https:\/\/2horizontes.com\/?p=74963"},"modified":"2022-12-19T20:49:14","modified_gmt":"2022-12-19T19:49:14","slug":"el-movimiento-dominicanos-activos-por-el-cambio-en-europa-2020-dape-festejo-un-encuentro-navideno-junto-a-sus-miembros-en-madrid-espana-%ef%bf%bc","status":"publish","type":"post","link":"https:\/\/2horizontes.com\/?p=74963","title":{"rendered":"El\u00a0Movimiento Dominicanos Activos por el Cambio en Europa 2020 (DAPE)\u00a0festej\u00f3 un encuentro navide\u00f1o junto a sus miembros en Madrid, Espa\u00f1a.\ufffc"},"content":{"rendered":"\n<p>El&nbsp;<strong>equipo formado por dominicanos profesionales<\/strong>&nbsp;entusiastas expres\u00f3 que desde el movimiento DAPE se vienen haciendo labores productivas a favor del dominicano en la di\u00e1spora sin fines de lucro.&nbsp;<\/p>\n\n\n\n<figure class=\"wp-block-image size-large\"><a href=\"https:\/\/2horizontes.com\/wp-content\/uploads\/2022\/12\/Image_7.jpeg\"><img loading=\"lazy\" decoding=\"async\" width=\"510\" height=\"398\" src=\"https:\/\/2horizontes.com\/wp-content\/uploads\/2022\/12\/Image_7-510x398.jpeg\" alt=\"\" class=\"wp-image-74969\" srcset=\"https:\/\/2horizontes.com\/wp-content\/uploads\/2022\/12\/Image_7-510x398.jpeg 510w, https:\/\/2horizontes.com\/wp-content\/uploads\/2022\/12\/Image_7-300x234.jpeg 300w, https:\/\/2horizontes.com\/wp-content\/uploads\/2022\/12\/Image_7-768x599.jpeg 768w, https:\/\/2horizontes.com\/wp-content\/uploads\/2022\/12\/Image_7-1536x1198.jpeg 1536w, https:\/\/2horizontes.com\/wp-content\/uploads\/2022\/12\/Image_7-2048x1598.jpeg 2048w\" sizes=\"auto, (max-width: 510px) 100vw, 510px\" \/><\/a><\/figure>\n\n\n\n<p>La&nbsp;<strong>presidenta del movimiento Dominicanos Activos por el Cambio en Europa<\/strong>&nbsp;2020&nbsp;<strong>periodista y escritora Carmen Ram\u00edrez<\/strong>, comunic\u00f3 que a pesar de no contar con el apoyo por autoridades dominicanas en Espa\u00f1a siguen trabajando a favor de los dominicanos en la di\u00e1spora con disciplina, respeto y dedicaci\u00f3n para mantener la unidad con los compa\u00f1eros.<\/p>\n\n\n\n<p>En la cena navide\u00f1a estuvieron presentes los empresarios espa\u00f1oles&nbsp;Manuel Garc\u00eda y Manolo Gonz\u00e1lez, quienes vienen brind\u00e1ndoles el apoyo a los criollos desde hace a\u00f1os.<\/p>\n\n\n\n<figure class=\"wp-block-image size-large\"><a href=\"https:\/\/2horizontes.com\/wp-content\/uploads\/2022\/12\/CENANDO-1-1.jpeg\"><img loading=\"lazy\" decoding=\"async\" width=\"510\" height=\"383\" src=\"https:\/\/2horizontes.com\/wp-content\/uploads\/2022\/12\/CENANDO-1-1-510x383.jpeg\" alt=\"\" class=\"wp-image-74970\" srcset=\"https:\/\/2horizontes.com\/wp-content\/uploads\/2022\/12\/CENANDO-1-1-510x383.jpeg 510w, https:\/\/2horizontes.com\/wp-content\/uploads\/2022\/12\/CENANDO-1-1-300x225.jpeg 300w, https:\/\/2horizontes.com\/wp-content\/uploads\/2022\/12\/CENANDO-1-1-768x576.jpeg 768w, https:\/\/2horizontes.com\/wp-content\/uploads\/2022\/12\/CENANDO-1-1-1536x1153.jpeg 1536w, https:\/\/2horizontes.com\/wp-content\/uploads\/2022\/12\/CENANDO-1-1-2048x1537.jpeg 2048w, https:\/\/2horizontes.com\/wp-content\/uploads\/2022\/12\/CENANDO-1-1-100x75.jpeg 100w\" sizes=\"auto, (max-width: 510px) 100vw, 510px\" \/><\/a><\/figure>\n\n\n\n<p>Como invitados especiales&nbsp;asistieron el vice-c\u00f3nsul en Suiza Frizio Burgos, el abogado Olmo Ram\u00edrez, el Merenguero dominicano Hamlet Ram\u00edrez, y la presidenta de la Fundaci\u00f3n Dominicana de Enfermedades Raras Neurodegenerativas&nbsp;&nbsp;Yesenia Andrea valle.<\/p>\n\n\n\n<p>El\u00a0<strong>movimiento DAPE<\/strong>\u00a0en Europa le brind\u00f3 un fuerte apoyo al presidente Llu\u00eds Abinadel, en el proceso de campa\u00f1a en el 2020.<\/p>\n\n\n\n<figure class=\"wp-block-image size-large\"><a href=\"https:\/\/2horizontes.com\/wp-content\/uploads\/2022\/12\/PORTADA-1.jpeg\"><img loading=\"lazy\" decoding=\"async\" width=\"510\" height=\"383\" src=\"https:\/\/2horizontes.com\/wp-content\/uploads\/2022\/12\/PORTADA-1-510x383.jpeg\" alt=\"\" class=\"wp-image-74971\" srcset=\"https:\/\/2horizontes.com\/wp-content\/uploads\/2022\/12\/PORTADA-1-510x383.jpeg 510w, https:\/\/2horizontes.com\/wp-content\/uploads\/2022\/12\/PORTADA-1-300x225.jpeg 300w, https:\/\/2horizontes.com\/wp-content\/uploads\/2022\/12\/PORTADA-1-768x576.jpeg 768w, https:\/\/2horizontes.com\/wp-content\/uploads\/2022\/12\/PORTADA-1-1536x1153.jpeg 1536w, https:\/\/2horizontes.com\/wp-content\/uploads\/2022\/12\/PORTADA-1-2048x1537.jpeg 2048w, https:\/\/2horizontes.com\/wp-content\/uploads\/2022\/12\/PORTADA-1-100x75.jpeg 100w\" sizes=\"auto, (max-width: 510px) 100vw, 510px\" \/><\/a><\/figure>\n\n\n\n<figure class=\"wp-block-image size-large\"><a href=\"https:\/\/2horizontes.com\/wp-content\/uploads\/2022\/12\/Image_1.jpeg\"><img loading=\"lazy\" decoding=\"async\" width=\"510\" height=\"370\" src=\"https:\/\/2horizontes.com\/wp-content\/uploads\/2022\/12\/Image_1-510x370.jpeg\" alt=\"\" class=\"wp-image-74968\" srcset=\"https:\/\/2horizontes.com\/wp-content\/uploads\/2022\/12\/Image_1-510x370.jpeg 510w, https:\/\/2horizontes.com\/wp-content\/uploads\/2022\/12\/Image_1-300x218.jpeg 300w, https:\/\/2horizontes.com\/wp-content\/uploads\/2022\/12\/Image_1-768x557.jpeg 768w, https:\/\/2horizontes.com\/wp-content\/uploads\/2022\/12\/Image_1-1536x1115.jpeg 1536w, https:\/\/2horizontes.com\/wp-content\/uploads\/2022\/12\/Image_1-2048x1487.jpeg 2048w\" sizes=\"auto, (max-width: 510px) 100vw, 510px\" \/><\/a><\/figure>\n","protected":false},"excerpt":{"rendered":"<p>El&nbsp;equipo formado por dominicanos profesionales&nbsp;entusiastas expres\u00f3 que desde el movimiento DAPE se vienen haciendo labores productivas a favor del dominicano en la di\u00e1spora sin fines de lucro.&nbsp; La&nbsp;presidenta del movimiento Dominicanos Activos por el Cambio en Europa&nbsp;2020&nbsp;periodista y escritora Carmen Ram\u00edrez, comunic\u00f3 que a pesar de no contar con el apoyo por autoridades dominicanas en [&hellip;]<\/p>\n","protected":false},"author":1,"featured_media":74965,"comment_status":"open","ping_status":"open","sticky":false,"template":"","format":"standard","meta":{"footnotes":""},"categories":[62,46,85,43],"tags":[],"class_list":["post-74963","post","type-post","status-publish","format-standard","has-post-thumbnail","hentry","category-cultura","category-dominicanos-en-madrid","category-espana","category-politica"],"_links":{"self":[{"href":"https:\/\/2horizontes.com\/index.php?rest_route=\/wp\/v2\/posts\/74963","targetHints":{"allow":["GET"]}}],"collection":[{"href":"https:\/\/2horizontes.com\/index.php?rest_route=\/wp\/v2\/posts"}],"about":[{"href":"https:\/\/2horizontes.com\/index.php?rest_route=\/wp\/v2\/types\/post"}],"author":[{"embeddable":true,"href":"https:\/\/2horizontes.com\/index.php?rest_route=\/wp\/v2\/users\/1"}],"replies":[{"embeddable":true,"href":"https:\/\/2horizontes.com\/index.php?rest_route=%2Fwp%2Fv2%2Fcomments&post=74963"}],"version-history":[{"count":2,"href":"https:\/\/2horizontes.com\/index.php?rest_route=\/wp\/v2\/posts\/74963\/revisions"}],"predecessor-version":[{"id":74972,"href":"https:\/\/2horizontes.com\/index.php?rest_route=\/wp\/v2\/posts\/74963\/revisions\/74972"}],"wp:featuredmedia":[{"embeddable":true,"href":"https:\/\/2horizontes.com\/index.php?rest_route=\/wp\/v2\/media\/74965"}],"wp:attachment":[{"href":"https:\/\/2horizontes.com\/index.php?rest_route=%2Fwp%2Fv2%2Fmedia&parent=74963"}],"wp:term":[{"taxonomy":"category","embeddable":true,"href":"https:\/\/2horizontes.com\/index.php?rest_route=%2Fwp%2Fv2%2Fcategories&post=74963"},{"taxonomy":"post_tag","embeddable":true,"href":"https:\/\/2horizontes.com\/index.php?rest_route=%2Fwp%2Fv2%2Ftags&post=74963"}],"curies":[{"name":"wp","href":"https:\/\/api.w.org\/{rel}","templated":true}]}}