{"id":74934,"date":"2022-12-06T11:28:04","date_gmt":"2022-12-06T10:28:04","guid":{"rendered":"https:\/\/2horizontes.com\/?p=74934"},"modified":"2022-12-06T11:28:06","modified_gmt":"2022-12-06T10:28:06","slug":"matan-dominicano-de-15-anos-tiroteado-en-madrid-y-otro-de-21-resulta-herido-por-disparos-en-el-abdomen","status":"publish","type":"post","link":"https:\/\/2horizontes.com\/?p=74934","title":{"rendered":"Matan dominicano  de 15 a\u00f1os tiroteado en Madrid y otro de 21 resulta herido por disparos en el abdomen."},"content":{"rendered":"\n<p>El enfrentamiento entre bandas es la hip\u00f3tesis m\u00e1s plausible de este crimen en el que ser\u00eda el quinto asesinato de este tipo en la capital en este a\u00f1o<\/p>\n\n\n\n<figure class=\"wp-block-image\"><img decoding=\"async\" src=\"https:\/\/imagenes.elpais.com\/resizer\/VKTaOwrnH4OmtHYGCM54tSiezRY=\/1960x1103\/cloudfront-eu-central-1.images.arcpublishing.com\/prisa\/CRJLIG577EJZDS6WXPWHZRBJTE.jpg\" alt=\"\"\/><figcaption>Atenci\u00f3n sanitaria a los dos j\u00f3venes implicados en un nuevo supuesto enfrentamiento entre bandas, en el que ha fallecido un menor de 15 a\u00f1os y otro chico de 21 ha resultado herido, en Vilaverde.Foto:&nbsp;EFE \/ EMERGENCIAS MADRID&nbsp;|&nbsp;V\u00eddeo:&nbsp;EPV<\/figcaption><\/figure>\n\n\n\n<figure class=\"wp-block-image size-large\"><a href=\"https:\/\/2horizontes.com\/wp-content\/uploads\/2022\/12\/DCB69C6E-90C7-4020-AE08-AA22F4244CAD.jpeg\"><img loading=\"lazy\" decoding=\"async\" width=\"510\" height=\"357\" src=\"https:\/\/2horizontes.com\/wp-content\/uploads\/2022\/12\/DCB69C6E-90C7-4020-AE08-AA22F4244CAD-510x357.jpeg\" alt=\"\" class=\"wp-image-74935\" srcset=\"https:\/\/2horizontes.com\/wp-content\/uploads\/2022\/12\/DCB69C6E-90C7-4020-AE08-AA22F4244CAD-510x357.jpeg 510w, https:\/\/2horizontes.com\/wp-content\/uploads\/2022\/12\/DCB69C6E-90C7-4020-AE08-AA22F4244CAD-300x210.jpeg 300w, https:\/\/2horizontes.com\/wp-content\/uploads\/2022\/12\/DCB69C6E-90C7-4020-AE08-AA22F4244CAD.jpeg 758w\" sizes=\"auto, (max-width: 510px) 100vw, 510px\" \/><\/a><figcaption>AME8018. MADRID (ESPA\u00d1A), 04\/12\/2022.- Fotograf\u00eda cedida hoy por Emergencias Madrid que muestra a param\u00e9dicos mientras atienden a los heridos por arma de fuego en el barrio Villaverde de Madrid (Espa\u00f1a). Un joven de 15 a\u00f1os ha fallecido este domingo por la noche por arma de fuego en un probable incidente entre bandas ocurrido en un parque del madrile\u00f1o barrio de Villaverde, en el que tambi\u00e9n otro joven de 21 a\u00f1os result\u00f3 herido grave tambi\u00e9n de bala, seg\u00fan fuentes de la investigaci\u00f3n. EFE\/ Emergencias Madrid .<\/figcaption><\/figure>\n\n\n\n<p><a href=\"https:\/\/elpais.com\/espana\/madrid\/2022-12-05\/muere-un-chico-de-15-anos-tiroteado-en-madrid-y-otro-de-21-resulta-herido-por-disparos-en-el-abdomen.html?outputType=amp#comentarios\"><\/a><\/p>\n\n\n\n<p>Sobre las once de la noche de este domingo, un menor de 15 a\u00f1os ha sido asesinado a tiros en una calle de Madrid y otra v\u00edctima de 21 a\u00f1os ha resultado herida por los disparos del mismo atacante. Por la edad de los implicados y las circunstancias del crimen, la hip\u00f3tesis de un nuevo enfrentamiento entre bandas juveniles violentas es la que cobra m\u00e1s fuerza, aunque habr\u00e1 que esperar a la investigaci\u00f3n que ha comenzado la polic\u00eda. De confirmarse, se tratar\u00eda del quinto asesinato cometido por miembros de estas organizaciones este a\u00f1o en Madrid. El tiroteo se ha producido en el barrio de Villaverde, en el sur de la capital. Seg\u00fan las primeras indagaciones la v\u00edctima, de iniciales W. I. B. ha recibido al menos dos disparos por la espalda.https:\/\/ec03bc5c0a729cbe4c55292aeee9583d.safeframe.googlesyndication.com\/safeframe\/1-0-40\/html\/container.html?n=0<\/p>\n\n\n\n<p>\u201cEl var\u00f3n de 15 a\u00f1os estaba en parada cardiorrespiratoria a nuestra llegada, hemos realizado maniobras de resucitaci\u00f3n cardiopulmonar durante 35 minutos y finalmente solo hemos podido certificar el fallecimiento\u201d, ha detallado Paloma Rey, supervisora de guardia del Samur. La otra v\u00edctima presentaba disparos en la zona abdominal y ha tenido que ser trasladada en estado grave al hospital 12 de Octubre. Al lugar del crimen han acudido los padres del menor fallecido, que han tenido que ser atendidos por un psic\u00f3logo del Samur. Seg\u00fan los primeros testimonios recabados por los investigadores, el atacante iba encapuchado, \u201cfue directo a por la v\u00edctima\u201d y le dio un tiro en la nuca y otro en la espalda al menor. Las redes sociales, como es habitual en estos casos, ya se han llenado de mensajes de recuerdo del fallecido.<\/p>\n\n\n\n<figure class=\"wp-block-image\"><img decoding=\"async\" src=\"https:\/\/imagenes.elpais.com\/resizer\/uIsrJhCMbztQn6lBWZXOfJs2E_I=\/1960x1103\/cloudfront-eu-central-1.images.arcpublishing.com\/prisa\/ZEOHYU3GOBD5ZBS4K4QNQZHZ4E.jpg\" alt=\"\"\/><figcaption>Samur Protecci\u00f3n Civil confirma el fallecimiento de un menor de 15 a\u00f1os por agresi\u00f3n de arma de fuego en Villaverde, Madrid.Foto:&nbsp;EMERGENCIAS MADRID&nbsp;|&nbsp;V\u00eddeo:&nbsp;EFE<\/figcaption><\/figure>\n\n\n\n<p>El ataque se ha producido en una explanada en la que hay un parque infantil y varias mesas en la calle Angosta. Las dos v\u00edctimas estaban sentadas en una de ellas cuando han sido sorprendidas por su agresor.<\/p>\n\n\n\n<p>Si se confirma que este asesinato es un nuevo episodio violento de bandas, el menor de 15 a\u00f1os se convertir\u00e1 en la quinta v\u00edctima mortal fruto del enfrentamiento entre grupos juveniles rivales.&nbsp;Andr\u00e9s&nbsp;(19 a\u00f1os),&nbsp;Jaime&nbsp;(15 a\u00f1os),&nbsp;Diego&nbsp;(25 a\u00f1os) y&nbsp;Alejandro&nbsp;(18 a\u00f1os) son las cuatro v\u00edctimas mortales de las guerras entre bandas en Madrid este a\u00f1o.<\/p>\n\n\n\n<p>Dos asesinatos a tiros en el mismo fin de semana&nbsp;despertaron la alarma en la regi\u00f3n el primer fin de semana de octubre. El 1 de de ese mes un disparo en la cabeza&nbsp;acab\u00f3 con la vida de Bori,de 19 a\u00f1os, en Alcorc\u00f3n. Solo 24 horas despu\u00e9s, Sailen Huraldo era asaltado y asesinado tambi\u00e9n a tiros en la puerta de una discoteca en Fuenlabrada. La polic\u00eda detuvo pocos d\u00edas despu\u00e9s a los autores del crimen de Bori y descartaron que el enfrentamiento tuviera que ver con bandas, sino con una pelea en un local de ocio unos minutos antes del ataque. La investigaci\u00f3n por el asesinato de Sailen Hurtado sigue en marcha y por ahora no est\u00e1 claro que el motivo de ese crimen fuera la pertenencia del chico a una banda.<\/p>\n\n\n\n<p> El lugar se ha llenado de vecinos poco despu\u00e9s de los disparos, pues es una zona rodeada por bloques de viviendas. Los testigos ser\u00e1n claves a la hora de conocer m\u00e1s datos sobre el autor de los disparos, as\u00ed como las c\u00e1maras de los comercios y negocios de la zona.<\/p>\n\n\n\n<ol class=\"wp-block-list\"><li><\/li><\/ol>\n","protected":false},"excerpt":{"rendered":"<p>El enfrentamiento entre bandas es la hip\u00f3tesis m\u00e1s plausible de este crimen en el que ser\u00eda el quinto asesinato de este tipo en la capital en este a\u00f1o Sobre las once de la noche de este domingo, un menor de 15 a\u00f1os ha sido asesinado a tiros en una calle de Madrid y otra v\u00edctima [&hellip;]<\/p>\n","protected":false},"author":1,"featured_media":74935,"comment_status":"open","ping_status":"open","sticky":false,"template":"","format":"standard","meta":{"footnotes":""},"categories":[46,85],"tags":[],"class_list":["post-74934","post","type-post","status-publish","format-standard","has-post-thumbnail","hentry","category-dominicanos-en-madrid","category-espana"],"_links":{"self":[{"href":"https:\/\/2horizontes.com\/index.php?rest_route=\/wp\/v2\/posts\/74934","targetHints":{"allow":["GET"]}}],"collection":[{"href":"https:\/\/2horizontes.com\/index.php?rest_route=\/wp\/v2\/posts"}],"about":[{"href":"https:\/\/2horizontes.com\/index.php?rest_route=\/wp\/v2\/types\/post"}],"author":[{"embeddable":true,"href":"https:\/\/2horizontes.com\/index.php?rest_route=\/wp\/v2\/users\/1"}],"replies":[{"embeddable":true,"href":"https:\/\/2horizontes.com\/index.php?rest_route=%2Fwp%2Fv2%2Fcomments&post=74934"}],"version-history":[{"count":2,"href":"https:\/\/2horizontes.com\/index.php?rest_route=\/wp\/v2\/posts\/74934\/revisions"}],"predecessor-version":[{"id":74937,"href":"https:\/\/2horizontes.com\/index.php?rest_route=\/wp\/v2\/posts\/74934\/revisions\/74937"}],"wp:featuredmedia":[{"embeddable":true,"href":"https:\/\/2horizontes.com\/index.php?rest_route=\/wp\/v2\/media\/74935"}],"wp:attachment":[{"href":"https:\/\/2horizontes.com\/index.php?rest_route=%2Fwp%2Fv2%2Fmedia&parent=74934"}],"wp:term":[{"taxonomy":"category","embeddable":true,"href":"https:\/\/2horizontes.com\/index.php?rest_route=%2Fwp%2Fv2%2Fcategories&post=74934"},{"taxonomy":"post_tag","embeddable":true,"href":"https:\/\/2horizontes.com\/index.php?rest_route=%2Fwp%2Fv2%2Ftags&post=74934"}],"curies":[{"name":"wp","href":"https:\/\/api.w.org\/{rel}","templated":true}]}}