{"id":74931,"date":"2022-12-05T06:55:05","date_gmt":"2022-12-05T05:55:05","guid":{"rendered":"https:\/\/2horizontes.com\/?p=74931"},"modified":"2022-12-05T06:55:07","modified_gmt":"2022-12-05T05:55:07","slug":"murio-a-sus-73-anos-de-edad-el-exlegislador-amable-aristy-castro","status":"publish","type":"post","link":"https:\/\/2horizontes.com\/?p=74931","title":{"rendered":"Muri\u00f3 a sus 73 a\u00f1os de edad el exlegislador Amable Aristy Castro\u00a0"},"content":{"rendered":"\n<p>Falleci\u00f3 este domingo el ex senador de la provincia La Altagracia Amable Aristy Castro, cuando era atendido en la Cl\u00ednica Doctor Perozo de la ciudad de Hig\u00fcey.<\/p>\n\n\n\n<p>Aristy Castro fue llevado al centro de salud de emergencia, tras sufrir un paro card\u00edaco.<\/p>\n\n\n\n<p>El veterano pol\u00edtico fue candidato presidencial del Partido Reformista, secretario general de la Liga Municipal Dominicana y presidente del Senado de la Rep\u00fablica en varias oportunidades.<\/p>\n\n\n\n<p>Recientemente Amable Aristy Castro estuvo en Estados Unidos haci\u00e9ndose chequeos m\u00e9dicos de los cuales no inform\u00f3 a la poblaci\u00f3n como era costumbre, pero una fuente revel\u00f3 a este medio que se trataba de un asunto grave.<\/p>\n\n\n\n<p><\/p>\n\n\n\n<p><\/p>\n","protected":false},"excerpt":{"rendered":"<p>Falleci\u00f3 este domingo el ex senador de la provincia La Altagracia Amable Aristy Castro, cuando era atendido en la Cl\u00ednica Doctor Perozo de la ciudad de Hig\u00fcey. Aristy Castro fue llevado al centro de salud de emergencia, tras sufrir un paro card\u00edaco. El veterano pol\u00edtico fue candidato presidencial del Partido Reformista, secretario general de la [&hellip;]<\/p>\n","protected":false},"author":1,"featured_media":74933,"comment_status":"open","ping_status":"open","sticky":false,"template":"","format":"standard","meta":{"footnotes":""},"categories":[43,53,44],"tags":[],"class_list":["post-74931","post","type-post","status-publish","format-standard","has-post-thumbnail","hentry","category-politica","category-provincias","category-republica-dominicana"],"_links":{"self":[{"href":"https:\/\/2horizontes.com\/index.php?rest_route=\/wp\/v2\/posts\/74931","targetHints":{"allow":["GET"]}}],"collection":[{"href":"https:\/\/2horizontes.com\/index.php?rest_route=\/wp\/v2\/posts"}],"about":[{"href":"https:\/\/2horizontes.com\/index.php?rest_route=\/wp\/v2\/types\/post"}],"author":[{"embeddable":true,"href":"https:\/\/2horizontes.com\/index.php?rest_route=\/wp\/v2\/users\/1"}],"replies":[{"embeddable":true,"href":"https:\/\/2horizontes.com\/index.php?rest_route=%2Fwp%2Fv2%2Fcomments&post=74931"}],"version-history":[{"count":1,"href":"https:\/\/2horizontes.com\/index.php?rest_route=\/wp\/v2\/posts\/74931\/revisions"}],"predecessor-version":[{"id":74932,"href":"https:\/\/2horizontes.com\/index.php?rest_route=\/wp\/v2\/posts\/74931\/revisions\/74932"}],"wp:featuredmedia":[{"embeddable":true,"href":"https:\/\/2horizontes.com\/index.php?rest_route=\/wp\/v2\/media\/74933"}],"wp:attachment":[{"href":"https:\/\/2horizontes.com\/index.php?rest_route=%2Fwp%2Fv2%2Fmedia&parent=74931"}],"wp:term":[{"taxonomy":"category","embeddable":true,"href":"https:\/\/2horizontes.com\/index.php?rest_route=%2Fwp%2Fv2%2Fcategories&post=74931"},{"taxonomy":"post_tag","embeddable":true,"href":"https:\/\/2horizontes.com\/index.php?rest_route=%2Fwp%2Fv2%2Ftags&post=74931"}],"curies":[{"name":"wp","href":"https:\/\/api.w.org\/{rel}","templated":true}]}}