{"id":74907,"date":"2022-11-21T20:16:04","date_gmt":"2022-11-21T19:16:04","guid":{"rendered":"https:\/\/2horizontes.com\/?p=74907"},"modified":"2022-11-21T20:16:05","modified_gmt":"2022-11-21T19:16:05","slug":"nueva-york-incendio-deja-en-la-calle-a-una-familia-dominicana","status":"publish","type":"post","link":"https:\/\/2horizontes.com\/?p=74907","title":{"rendered":"NUEVA YORK: Incendio deja \u00aben la calle\u00bb a una familia dominicana"},"content":{"rendered":"\n<p>NUEVA YORK.- Una familia dominicana qued\u00f3 \u00aben la calle\u00bb luego de que un incendio devorara el apartamento donde resid\u00eda en el sector Washington Heights, del Alto Manhattan.<\/p>\n\n\n\n<p>El incendio se registr\u00f3 la tarde del viernes en un edificio ubicado en la cuadra 590 de la calle 187.<\/p>\n\n\n\n<p>Aparentemente, el fuego comenz\u00f3 en el primer piso y no se propag\u00f3 a otras unidades.<\/p>\n\n\n\n<p>La Cruz Roja Americana confirm\u00f3 que, aunque nadie result\u00f3 herido, una familia dominicana de cuatro adultos y dos ni\u00f1os qued\u00f3 desamparada.<\/p>\n\n\n\n<p>\u00a1Comparte esta noticia!<\/p>\n","protected":false},"excerpt":{"rendered":"<p>NUEVA YORK.- Una familia dominicana qued\u00f3 \u00aben la calle\u00bb luego de que un incendio devorara el apartamento donde resid\u00eda en el sector Washington Heights, del Alto Manhattan. El incendio se registr\u00f3 la tarde del viernes en un edificio ubicado en la cuadra 590 de la calle 187. Aparentemente, el fuego comenz\u00f3 en el primer piso [&hellip;]<\/p>\n","protected":false},"author":1,"featured_media":74908,"comment_status":"open","ping_status":"open","sticky":false,"template":"","format":"standard","meta":{"footnotes":""},"categories":[40],"tags":[],"class_list":["post-74907","post","type-post","status-publish","format-standard","has-post-thumbnail","hentry","category-internacionales"],"_links":{"self":[{"href":"https:\/\/2horizontes.com\/index.php?rest_route=\/wp\/v2\/posts\/74907","targetHints":{"allow":["GET"]}}],"collection":[{"href":"https:\/\/2horizontes.com\/index.php?rest_route=\/wp\/v2\/posts"}],"about":[{"href":"https:\/\/2horizontes.com\/index.php?rest_route=\/wp\/v2\/types\/post"}],"author":[{"embeddable":true,"href":"https:\/\/2horizontes.com\/index.php?rest_route=\/wp\/v2\/users\/1"}],"replies":[{"embeddable":true,"href":"https:\/\/2horizontes.com\/index.php?rest_route=%2Fwp%2Fv2%2Fcomments&post=74907"}],"version-history":[{"count":1,"href":"https:\/\/2horizontes.com\/index.php?rest_route=\/wp\/v2\/posts\/74907\/revisions"}],"predecessor-version":[{"id":74909,"href":"https:\/\/2horizontes.com\/index.php?rest_route=\/wp\/v2\/posts\/74907\/revisions\/74909"}],"wp:featuredmedia":[{"embeddable":true,"href":"https:\/\/2horizontes.com\/index.php?rest_route=\/wp\/v2\/media\/74908"}],"wp:attachment":[{"href":"https:\/\/2horizontes.com\/index.php?rest_route=%2Fwp%2Fv2%2Fmedia&parent=74907"}],"wp:term":[{"taxonomy":"category","embeddable":true,"href":"https:\/\/2horizontes.com\/index.php?rest_route=%2Fwp%2Fv2%2Fcategories&post=74907"},{"taxonomy":"post_tag","embeddable":true,"href":"https:\/\/2horizontes.com\/index.php?rest_route=%2Fwp%2Fv2%2Ftags&post=74907"}],"curies":[{"name":"wp","href":"https:\/\/api.w.org\/{rel}","templated":true}]}}