{"id":74903,"date":"2022-11-21T20:09:51","date_gmt":"2022-11-21T19:09:51","guid":{"rendered":"https:\/\/2horizontes.com\/?p=74903"},"modified":"2022-11-21T20:09:53","modified_gmt":"2022-11-21T19:09:53","slug":"acusan-eu-de-presionar-para-que-rd-favorezca-haitianos-ilegales","status":"publish","type":"post","link":"https:\/\/2horizontes.com\/?p=74903","title":{"rendered":"Acusan EU de presionar para que RD \u00abfavorezca\u00bb haitianos ilegales"},"content":{"rendered":"\n<p><\/p>\n\n\n\n<p>SANTO DOMINGO.- El presidente del Instituto Duartiano, Wilson G\u00f3mez Ram\u00edrez, acus\u00f3 a la embajada de Estados Unidos en el pa\u00eds de presionar al gobierno para que aplique una pol\u00edtica migratoria favorable a los haitianos ilegales.<\/p>\n\n\n\n<p>Asimismo, expres\u00f3 preocupaci\u00f3n por la supuesta indiferencia y el \u201cinexplicable silencio\u201d de muchos funcionarios del gobierno sobre la postura del presidente Luis Abinader en torno a la problem\u00e1tica.<\/p>\n\n\n\n<p>Lament\u00f3 que la \u201cembajada de Estados Unidos haga causa com\u00fan con los detractores del pa\u00eds\u201d y ofrezca informaciones que defini\u00f3 como \u201chiperbolizadas, que procuran presionar a las autoridades nacionales\u201d.<\/p>\n\n\n\n<p>Dijo que las autoriades dominicanas cumplen con su derecho de repatriar a extranjeros ilegales.<\/p>\n\n\n\n<p>G\u00f3mez Ram\u00edrez se refiri\u00f3 en rueda de prensa al comunicado en el que la embajada estadounidense se queja del trato desigual de las autoridades de inmigraci\u00f3n a estadounidenses de piel oscura que viajan a Rep\u00fablica Dominicana.<\/p>\n\n\n\n<p>\u201cLos informes sobre el trato desigual a estadounisenses por las autoridades dominicanas son motivo de preocupaci\u00f3n constante para la embajada de Estados Unidos\u201d, indic\u00f3 el comunicado de la misi\u00f3n diplom\u00e1tica.<\/p>\n\n\n\n<p>jt\/am<\/p>\n\n\n\n<p>\u00a1Comparte esta noticia!<\/p>\n","protected":false},"excerpt":{"rendered":"<p>SANTO DOMINGO.- El presidente del Instituto Duartiano, Wilson G\u00f3mez Ram\u00edrez, acus\u00f3 a la embajada de Estados Unidos en el pa\u00eds de presionar al gobierno para que aplique una pol\u00edtica migratoria favorable a los haitianos ilegales. Asimismo, expres\u00f3 preocupaci\u00f3n por la supuesta indiferencia y el \u201cinexplicable silencio\u201d de muchos funcionarios del gobierno sobre la postura del [&hellip;]<\/p>\n","protected":false},"author":1,"featured_media":74904,"comment_status":"open","ping_status":"open","sticky":false,"template":"","format":"standard","meta":{"footnotes":""},"categories":[47,40,43,44],"tags":[],"class_list":["post-74903","post","type-post","status-publish","format-standard","has-post-thumbnail","hentry","category-haiti","category-internacionales","category-politica","category-republica-dominicana"],"_links":{"self":[{"href":"https:\/\/2horizontes.com\/index.php?rest_route=\/wp\/v2\/posts\/74903","targetHints":{"allow":["GET"]}}],"collection":[{"href":"https:\/\/2horizontes.com\/index.php?rest_route=\/wp\/v2\/posts"}],"about":[{"href":"https:\/\/2horizontes.com\/index.php?rest_route=\/wp\/v2\/types\/post"}],"author":[{"embeddable":true,"href":"https:\/\/2horizontes.com\/index.php?rest_route=\/wp\/v2\/users\/1"}],"replies":[{"embeddable":true,"href":"https:\/\/2horizontes.com\/index.php?rest_route=%2Fwp%2Fv2%2Fcomments&post=74903"}],"version-history":[{"count":1,"href":"https:\/\/2horizontes.com\/index.php?rest_route=\/wp\/v2\/posts\/74903\/revisions"}],"predecessor-version":[{"id":74905,"href":"https:\/\/2horizontes.com\/index.php?rest_route=\/wp\/v2\/posts\/74903\/revisions\/74905"}],"wp:featuredmedia":[{"embeddable":true,"href":"https:\/\/2horizontes.com\/index.php?rest_route=\/wp\/v2\/media\/74904"}],"wp:attachment":[{"href":"https:\/\/2horizontes.com\/index.php?rest_route=%2Fwp%2Fv2%2Fmedia&parent=74903"}],"wp:term":[{"taxonomy":"category","embeddable":true,"href":"https:\/\/2horizontes.com\/index.php?rest_route=%2Fwp%2Fv2%2Fcategories&post=74903"},{"taxonomy":"post_tag","embeddable":true,"href":"https:\/\/2horizontes.com\/index.php?rest_route=%2Fwp%2Fv2%2Ftags&post=74903"}],"curies":[{"name":"wp","href":"https:\/\/api.w.org\/{rel}","templated":true}]}}