{"id":74894,"date":"2022-11-15T23:13:01","date_gmt":"2022-11-15T22:13:01","guid":{"rendered":"https:\/\/2horizontes.com\/?p=74894"},"modified":"2022-11-15T23:13:03","modified_gmt":"2022-11-15T22:13:03","slug":"aguaceros-moderados-y-fuertes-y-tronadas-en-rd-por-una-vaguada","status":"publish","type":"post","link":"https:\/\/2horizontes.com\/?p=74894","title":{"rendered":"Aguaceros moderados y fuertes y tronadas en RD por una vaguada"},"content":{"rendered":"\n<p><\/p>\n\n\n\n<p>Santo Domingo, 15 nov \u2013 La vaguada que afecta al este del pa\u00eds provocar\u00e1 esta tarde aguaceros de moderados a fuertes, tronadas y r\u00e1fagas de viento ocasionales en zonas de las regiones norte, noreste y sureste (incluido el Gran Santo Domingo) y la Cordillera Central.<\/p>\n\n\n\n<p>Seg\u00fan el bolet\u00edn de la Oficina Nacional de Meteorolog\u00eda (Onamet) de este martes, en el resto de Rep\u00fablica Dominicana habr\u00e1 nubes dispersas y escasas lluvias.<\/p>\n\n\n\n<p>Las concentraciones nubosas que se prev\u00e9 que causen los aguaceros se explican por la incidencia de la vaguada asociada a un sistema frontal, junto a efectos locales como el calentamiento diurno y orogr\u00e1fico.<\/p>\n\n\n\n<p>Ante las lluvias acumuladas y las que se prev\u00e9n, la Onamet ha emitido alertas en Monteplata, el Gran Santo Domingo, San Pedro de Macor\u00eds y Hato Mayor, debido a la posibilidad de inundaciones, crecidas de r\u00edos, arroyos y ca\u00f1adas y deslizamientos de tierras.<\/p>\n\n\n\n<p>El mi\u00e9rcoles se espera que la vaguada comience a alejarse del pa\u00eds, lo que conllevar\u00e1 una mayor estabilidad meteorol\u00f3gica y menor humedad en la masa de aire, aunque no se descarta que por la tarde se produzcan nublados con aguaceros dispersos, tronadas y r\u00e1fagas de viento hacia el noreste, sureste y Cordillera Central, debido en parte al viento este-noreste. EFE<\/p>\n\n\n\n<p>acm<\/p>\n\n\n\n<p>\u00a1Comparte esta noticia!<\/p>\n\n\n\n<p><a href=\"https:\/\/almomento.net\/#facebook\" rel=\"noreferrer noopener\" target=\"_blank\"><\/a><\/p>\n","protected":false},"excerpt":{"rendered":"<p>Santo Domingo, 15 nov \u2013 La vaguada que afecta al este del pa\u00eds provocar\u00e1 esta tarde aguaceros de moderados a fuertes, tronadas y r\u00e1fagas de viento ocasionales en zonas de las regiones norte, noreste y sureste (incluido el Gran Santo Domingo) y la Cordillera Central. Seg\u00fan el bolet\u00edn de la Oficina Nacional de Meteorolog\u00eda (Onamet) [&hellip;]<\/p>\n","protected":false},"author":1,"featured_media":74895,"comment_status":"open","ping_status":"open","sticky":false,"template":"","format":"standard","meta":{"footnotes":""},"categories":[44],"tags":[],"class_list":["post-74894","post","type-post","status-publish","format-standard","has-post-thumbnail","hentry","category-republica-dominicana"],"_links":{"self":[{"href":"https:\/\/2horizontes.com\/index.php?rest_route=\/wp\/v2\/posts\/74894","targetHints":{"allow":["GET"]}}],"collection":[{"href":"https:\/\/2horizontes.com\/index.php?rest_route=\/wp\/v2\/posts"}],"about":[{"href":"https:\/\/2horizontes.com\/index.php?rest_route=\/wp\/v2\/types\/post"}],"author":[{"embeddable":true,"href":"https:\/\/2horizontes.com\/index.php?rest_route=\/wp\/v2\/users\/1"}],"replies":[{"embeddable":true,"href":"https:\/\/2horizontes.com\/index.php?rest_route=%2Fwp%2Fv2%2Fcomments&post=74894"}],"version-history":[{"count":1,"href":"https:\/\/2horizontes.com\/index.php?rest_route=\/wp\/v2\/posts\/74894\/revisions"}],"predecessor-version":[{"id":74896,"href":"https:\/\/2horizontes.com\/index.php?rest_route=\/wp\/v2\/posts\/74894\/revisions\/74896"}],"wp:featuredmedia":[{"embeddable":true,"href":"https:\/\/2horizontes.com\/index.php?rest_route=\/wp\/v2\/media\/74895"}],"wp:attachment":[{"href":"https:\/\/2horizontes.com\/index.php?rest_route=%2Fwp%2Fv2%2Fmedia&parent=74894"}],"wp:term":[{"taxonomy":"category","embeddable":true,"href":"https:\/\/2horizontes.com\/index.php?rest_route=%2Fwp%2Fv2%2Fcategories&post=74894"},{"taxonomy":"post_tag","embeddable":true,"href":"https:\/\/2horizontes.com\/index.php?rest_route=%2Fwp%2Fv2%2Ftags&post=74894"}],"curies":[{"name":"wp","href":"https:\/\/api.w.org\/{rel}","templated":true}]}}