{"id":74885,"date":"2022-11-15T23:00:35","date_gmt":"2022-11-15T22:00:35","guid":{"rendered":"https:\/\/2horizontes.com\/?p=74885"},"modified":"2022-11-15T23:00:37","modified_gmt":"2022-11-15T22:00:37","slug":"el-tsa-cita-ministro-por-medida-limita-horario-venta-de-bebidas","status":"publish","type":"post","link":"https:\/\/2horizontes.com\/?p=74885","title":{"rendered":"El TSA cita Ministro por medida limita horario venta de bebidas"},"content":{"rendered":"\n<p>SANTO DOMINGO.- El Tribunal Superior Administrativo (TSA) cit\u00f3 al ministro de Interior y Polic\u00eda, Jes\u00fas V\u00e1squez Mart\u00ednez, a una audiencia en la que se conocer\u00e1 una acci\u00f3n de amparo sometida por el Colegio de Abogados de la Rep\u00fablica Dominicana(CARD) contra la resoluci\u00f3n que proh\u00edbe el consumo y expendio de bebidas alcoh\u00f3licas en la provincia Santo Domingo despu\u00e9s de las 12 de la medianoche.<\/p>\n\n\n\n<p>En el citatorio est\u00e1 incluida la Direcci\u00f3n de Control de Bebidas Alcoh\u00f3licas (COBA) y la Procuradur\u00eda General Administrativa.&nbsp; Est\u00e1 firmado por el juez presidente del TSA, Ram\u00f3n A. Berroa Hiciano, y la secretaria auxiliar, \u00c1ngela R. Gonz\u00e1lez.<\/p>\n\n\n\n<p>El conocimiento de la instancia est\u00e1 pautado para este mi\u00e9rcoles a las 9:00 de la ma\u00f1ana, en la Primera Sala del TSA, que opera en el edificio de la Procuradur\u00eda Vieja, detr\u00e1s del la sede del Congreso Nacional.<\/p>\n\n\n\n<p>El CARD deposit\u00f3 la misma&nbsp; hace una semana por considerar que la citada resoluci\u00f3n es&nbsp; \u00abinconstitucional, abusiva, discriminatoria y atenta contra las libertades p\u00fablicas as\u00ed como los derechos fundamentales de libertad de trabajo,&nbsp; empresa y tr\u00e1nsito,&nbsp; y la igualdad y legalidad de los actos p\u00fablicos.<\/p>\n\n\n\n<p>jt\/am\/sp<\/p>\n\n\n\n<p>\u00a1Comparte esta noticia!<\/p>\n","protected":false},"excerpt":{"rendered":"<p>SANTO DOMINGO.- El Tribunal Superior Administrativo (TSA) cit\u00f3 al ministro de Interior y Polic\u00eda, Jes\u00fas V\u00e1squez Mart\u00ednez, a una audiencia en la que se conocer\u00e1 una acci\u00f3n de amparo sometida por el Colegio de Abogados de la Rep\u00fablica Dominicana(CARD) contra la resoluci\u00f3n que proh\u00edbe el consumo y expendio de bebidas alcoh\u00f3licas en la provincia Santo [&hellip;]<\/p>\n","protected":false},"author":1,"featured_media":74886,"comment_status":"open","ping_status":"open","sticky":false,"template":"","format":"standard","meta":{"footnotes":""},"categories":[43,44],"tags":[],"class_list":["post-74885","post","type-post","status-publish","format-standard","has-post-thumbnail","hentry","category-politica","category-republica-dominicana"],"_links":{"self":[{"href":"https:\/\/2horizontes.com\/index.php?rest_route=\/wp\/v2\/posts\/74885","targetHints":{"allow":["GET"]}}],"collection":[{"href":"https:\/\/2horizontes.com\/index.php?rest_route=\/wp\/v2\/posts"}],"about":[{"href":"https:\/\/2horizontes.com\/index.php?rest_route=\/wp\/v2\/types\/post"}],"author":[{"embeddable":true,"href":"https:\/\/2horizontes.com\/index.php?rest_route=\/wp\/v2\/users\/1"}],"replies":[{"embeddable":true,"href":"https:\/\/2horizontes.com\/index.php?rest_route=%2Fwp%2Fv2%2Fcomments&post=74885"}],"version-history":[{"count":1,"href":"https:\/\/2horizontes.com\/index.php?rest_route=\/wp\/v2\/posts\/74885\/revisions"}],"predecessor-version":[{"id":74887,"href":"https:\/\/2horizontes.com\/index.php?rest_route=\/wp\/v2\/posts\/74885\/revisions\/74887"}],"wp:featuredmedia":[{"embeddable":true,"href":"https:\/\/2horizontes.com\/index.php?rest_route=\/wp\/v2\/media\/74886"}],"wp:attachment":[{"href":"https:\/\/2horizontes.com\/index.php?rest_route=%2Fwp%2Fv2%2Fmedia&parent=74885"}],"wp:term":[{"taxonomy":"category","embeddable":true,"href":"https:\/\/2horizontes.com\/index.php?rest_route=%2Fwp%2Fv2%2Fcategories&post=74885"},{"taxonomy":"post_tag","embeddable":true,"href":"https:\/\/2horizontes.com\/index.php?rest_route=%2Fwp%2Fv2%2Ftags&post=74885"}],"curies":[{"name":"wp","href":"https:\/\/api.w.org\/{rel}","templated":true}]}}