{"id":74865,"date":"2022-11-14T23:12:24","date_gmt":"2022-11-14T22:12:24","guid":{"rendered":"https:\/\/2horizontes.com\/?p=74865"},"modified":"2022-11-14T23:12:26","modified_gmt":"2022-11-14T22:12:26","slug":"entidad-pide-autoridades-sean-mas-drasticas-sobre-ventas-alcohol","status":"publish","type":"post","link":"https:\/\/2horizontes.com\/?p=74865","title":{"rendered":"Entidad pide autoridades sean m\u00e1s dr\u00e1sticas sobre ventas alcohol"},"content":{"rendered":"\n<p>SANTO DOMINGO.- La entidad Casa Abierta manifest\u00f3 este lunes su respaldo a la disposici\u00f3n del Ministerio de Interior y Polic\u00eda (MIP) que limita hasta las 12:00 de la medianoche &nbsp;el horario para el expendio de bebidas alcoh\u00f3licas en la provincia Santo Domingo.<\/p>\n\n\n\n<p>Juan Raddam\u00e9s de la Rosa Hidalgo, director de la entidad, consider\u00f3, adem\u00e1s, que la medida debe ir m\u00e1s all\u00e1 de los horarios y obligar a los negocios se ajustarse a la ley, pues la venta y consumo de alcohol se realiza sin restricciones.<\/p>\n\n\n\n<p>\u201cPor muy poco tiempo se aplic\u00f3 la normativa que ordena el consumo de sustancias en lugares cerrados y con debido control del nivel de ruidos que estos negocios generan\u201d, indic\u00f3 en documento remitido a ALMOMENTO.NET.<\/p>\n\n\n\n<p>Se\u00f1al\u00f3 que la m\u00fasica estruendosa a altas horas de la noche, heridos y muertos en las frecuentes ri\u00f1as, peleas a botellazos, con armas blancas y de fuego, generan intranquilidad a los vecinos de comunidades en las que la ley no se aplica.<\/p>\n\n\n\n<p>Estos negocios, que funcionan sin ning\u00fan control, deben cumplir las normas vigentes &nbsp;y las autoridades tienen el deber de aplicar estas normas.<\/p>\n\n\n\n<p><strong>LA MEDIDA ES RECHAZADA OE NEGOCIOS<\/strong><\/p>\n\n\n\n<p>Rosa Hidalgo dijo que la medida del MIP \u201cpor supuesto es impopular entre due\u00f1os de negocios que se dedican al expendio de esta droga\u201d.<\/p>\n\n\n\n<p>\u201cParece que entienden que el ser legal les otorga el derecho a quienes consumen y a los que viven de estos negocios, para agredir a toda la sociedad\u201d, dijo.<\/p>\n\n\n\n<p>Agreg\u00f3 que Casa Abierta apoya decididamente la resoluci\u00f3n del MIP, a pesar de que la misma ha generado opiniones diversas y airadas protestas de propietarios de negocios que \u201cviven de la venta de esta droga llamada alcohol\u201d.<\/p>\n\n\n\n<p>an\/am<\/p>\n\n\n\n<p>\u00a1Comparte esta noticia!<\/p>\n","protected":false},"excerpt":{"rendered":"<p>SANTO DOMINGO.- La entidad Casa Abierta manifest\u00f3 este lunes su respaldo a la disposici\u00f3n del Ministerio de Interior y Polic\u00eda (MIP) que limita hasta las 12:00 de la medianoche &nbsp;el horario para el expendio de bebidas alcoh\u00f3licas en la provincia Santo Domingo. Juan Raddam\u00e9s de la Rosa Hidalgo, director de la entidad, consider\u00f3, adem\u00e1s, que [&hellip;]<\/p>\n","protected":false},"author":1,"featured_media":74866,"comment_status":"open","ping_status":"open","sticky":false,"template":"","format":"standard","meta":{"footnotes":""},"categories":[44],"tags":[],"class_list":["post-74865","post","type-post","status-publish","format-standard","has-post-thumbnail","hentry","category-republica-dominicana"],"_links":{"self":[{"href":"https:\/\/2horizontes.com\/index.php?rest_route=\/wp\/v2\/posts\/74865","targetHints":{"allow":["GET"]}}],"collection":[{"href":"https:\/\/2horizontes.com\/index.php?rest_route=\/wp\/v2\/posts"}],"about":[{"href":"https:\/\/2horizontes.com\/index.php?rest_route=\/wp\/v2\/types\/post"}],"author":[{"embeddable":true,"href":"https:\/\/2horizontes.com\/index.php?rest_route=\/wp\/v2\/users\/1"}],"replies":[{"embeddable":true,"href":"https:\/\/2horizontes.com\/index.php?rest_route=%2Fwp%2Fv2%2Fcomments&post=74865"}],"version-history":[{"count":1,"href":"https:\/\/2horizontes.com\/index.php?rest_route=\/wp\/v2\/posts\/74865\/revisions"}],"predecessor-version":[{"id":74867,"href":"https:\/\/2horizontes.com\/index.php?rest_route=\/wp\/v2\/posts\/74865\/revisions\/74867"}],"wp:featuredmedia":[{"embeddable":true,"href":"https:\/\/2horizontes.com\/index.php?rest_route=\/wp\/v2\/media\/74866"}],"wp:attachment":[{"href":"https:\/\/2horizontes.com\/index.php?rest_route=%2Fwp%2Fv2%2Fmedia&parent=74865"}],"wp:term":[{"taxonomy":"category","embeddable":true,"href":"https:\/\/2horizontes.com\/index.php?rest_route=%2Fwp%2Fv2%2Fcategories&post=74865"},{"taxonomy":"post_tag","embeddable":true,"href":"https:\/\/2horizontes.com\/index.php?rest_route=%2Fwp%2Fv2%2Ftags&post=74865"}],"curies":[{"name":"wp","href":"https:\/\/api.w.org\/{rel}","templated":true}]}}