{"id":74844,"date":"2022-11-10T21:15:25","date_gmt":"2022-11-10T20:15:25","guid":{"rendered":"https:\/\/2horizontes.com\/?p=74844"},"modified":"2022-11-10T21:15:26","modified_gmt":"2022-11-10T20:15:26","slug":"p-rico-detienen-2-dominicanos-con-cocaina-valorada-en-us7-mm","status":"publish","type":"post","link":"https:\/\/2horizontes.com\/?p=74844","title":{"rendered":"P. RICO: Detienen 2 dominicanos con coca\u00edna valorada en US$7 MM"},"content":{"rendered":"\n<p><\/p>\n\n\n\n<p>SAN JUAN.- Las autoridades detuvieron a dos dominicanos que llegaron a la costa oeste en una yola con 851 libras de coca\u00edna, valoradas en 7,17 millones de d\u00f3lares.<\/p>\n\n\n\n<p>La embarcaci\u00f3n fue avistada al oeste de la isla de Desecheo.<\/p>\n\n\n\n<p>El avi\u00f3n de la Oficina de Aduanas y Protecci\u00f3n Fronteriza en Puerto Rico mantuvo contacto visual con la embarcaci\u00f3n, por lo que pidi\u00f3 a una de sus unidades en Mayag\u00fcez que la interceptara. Cuando esa segunda tripulaci\u00f3n se acerc\u00f3 a la yola, uno de sus ocupantes comenz\u00f3 a tirar fardos al mar.<\/p>\n\n\n\n<p>Despu\u00e9s de una breve persecuci\u00f3n, la yola y los dos ocupantes fueron interceptados y detenidos.<\/p>\n\n\n\n<p>En la embarcaci\u00f3n fueron ocupados siete fardos y otros seis fueron recuperados en el mar. Todos dieron positivo a coca\u00edna.<\/p>\n\n\n\n<p>jt\/am<\/p>\n","protected":false},"excerpt":{"rendered":"<p>SAN JUAN.- Las autoridades detuvieron a dos dominicanos que llegaron a la costa oeste en una yola con 851 libras de coca\u00edna, valoradas en 7,17 millones de d\u00f3lares. La embarcaci\u00f3n fue avistada al oeste de la isla de Desecheo. El avi\u00f3n de la Oficina de Aduanas y Protecci\u00f3n Fronteriza en Puerto Rico mantuvo contacto visual [&hellip;]<\/p>\n","protected":false},"author":1,"featured_media":74845,"comment_status":"open","ping_status":"open","sticky":false,"template":"","format":"standard","meta":{"footnotes":""},"categories":[40,44],"tags":[],"class_list":["post-74844","post","type-post","status-publish","format-standard","has-post-thumbnail","hentry","category-internacionales","category-republica-dominicana"],"_links":{"self":[{"href":"https:\/\/2horizontes.com\/index.php?rest_route=\/wp\/v2\/posts\/74844","targetHints":{"allow":["GET"]}}],"collection":[{"href":"https:\/\/2horizontes.com\/index.php?rest_route=\/wp\/v2\/posts"}],"about":[{"href":"https:\/\/2horizontes.com\/index.php?rest_route=\/wp\/v2\/types\/post"}],"author":[{"embeddable":true,"href":"https:\/\/2horizontes.com\/index.php?rest_route=\/wp\/v2\/users\/1"}],"replies":[{"embeddable":true,"href":"https:\/\/2horizontes.com\/index.php?rest_route=%2Fwp%2Fv2%2Fcomments&post=74844"}],"version-history":[{"count":1,"href":"https:\/\/2horizontes.com\/index.php?rest_route=\/wp\/v2\/posts\/74844\/revisions"}],"predecessor-version":[{"id":74846,"href":"https:\/\/2horizontes.com\/index.php?rest_route=\/wp\/v2\/posts\/74844\/revisions\/74846"}],"wp:featuredmedia":[{"embeddable":true,"href":"https:\/\/2horizontes.com\/index.php?rest_route=\/wp\/v2\/media\/74845"}],"wp:attachment":[{"href":"https:\/\/2horizontes.com\/index.php?rest_route=%2Fwp%2Fv2%2Fmedia&parent=74844"}],"wp:term":[{"taxonomy":"category","embeddable":true,"href":"https:\/\/2horizontes.com\/index.php?rest_route=%2Fwp%2Fv2%2Fcategories&post=74844"},{"taxonomy":"post_tag","embeddable":true,"href":"https:\/\/2horizontes.com\/index.php?rest_route=%2Fwp%2Fv2%2Ftags&post=74844"}],"curies":[{"name":"wp","href":"https:\/\/api.w.org\/{rel}","templated":true}]}}