{"id":74841,"date":"2022-11-10T21:09:12","date_gmt":"2022-11-10T20:09:12","guid":{"rendered":"https:\/\/2horizontes.com\/?p=74841"},"modified":"2022-11-10T21:09:13","modified_gmt":"2022-11-10T20:09:13","slug":"comenzo-hoy-el-decimo-censo-nacional-republica-dominicana","status":"publish","type":"post","link":"https:\/\/2horizontes.com\/?p=74841","title":{"rendered":"Comenz\u00f3 hoy el D\u00e9cimo Censo Nacional Rep\u00fablica Dominicana"},"content":{"rendered":"\n<p><\/p>\n\n\n\n<p>Santo Domingo, 10 (Prensa Latina) El X Censo Nacional en la Rep\u00fablica Dominicana comenz\u00f3 hoy con la participaci\u00f3n de unos 35 mil empadronadores y el empleo por primera vez de dispositivos electr\u00f3nicos para la captura de informaci\u00f3n.<\/p>\n\n\n\n<p>A pesar de que diversas organizaciones de la sociedad civil y algunas fuerzas pol\u00edticas, como los partidos Fuerza del Pueblo y AlPa\u00eds, vieron con ojerizas el Censo, a partir de este jueves y por 13 d\u00edas acaparar\u00e1 la atenci\u00f3n del pa\u00eds con el objetivo de ser exitoso.<\/p>\n\n\n\n<p>El Gobierno dispuso por decreto la colaboraci\u00f3n de los miembros de las Fuerzas Armadas y la Polic\u00eda Nacional durante los 13 d\u00edas de trabajo y los empadronadores estar\u00e1n identificados, adem\u00e1s de la gorra y el chaleco, con un carn\u00e9 con un c\u00f3digo QR, que permitir\u00e1 consultar su identidad.<\/p>\n\n\n\n<p>Seg\u00fan el presidente Luis Abinader, el censo es un instrumento indispensable y en este sentido precis\u00f3 que es un gran esfuerzo del gobierno, el cual tendr\u00e1 muchas repercusiones positivas pues \u00abpara dise\u00f1ar pol\u00edticas p\u00fablicas correctas debemos tener informaci\u00f3n real de la situaci\u00f3n de nuestra gente\u00bb.<\/p>\n\n\n\n<p>Adem\u00e1s, el mandatario dijo tener la confianza en que la Oficina Nacional de Estad\u00edstica y su equipo har\u00e1n el mejor censo de la historia y el pa\u00eds contar\u00e1 con buenos datos.<\/p>\n\n\n\n<p>jf\/ema<\/p>\n\n\n\n<p>PL-23<\/p>\n","protected":false},"excerpt":{"rendered":"<p>Santo Domingo, 10 (Prensa Latina) El X Censo Nacional en la Rep\u00fablica Dominicana comenz\u00f3 hoy con la participaci\u00f3n de unos 35 mil empadronadores y el empleo por primera vez de dispositivos electr\u00f3nicos para la captura de informaci\u00f3n. A pesar de que diversas organizaciones de la sociedad civil y algunas fuerzas pol\u00edticas, como los partidos Fuerza [&hellip;]<\/p>\n","protected":false},"author":1,"featured_media":74842,"comment_status":"open","ping_status":"open","sticky":false,"template":"","format":"standard","meta":{"footnotes":""},"categories":[44],"tags":[],"class_list":["post-74841","post","type-post","status-publish","format-standard","has-post-thumbnail","hentry","category-republica-dominicana"],"_links":{"self":[{"href":"https:\/\/2horizontes.com\/index.php?rest_route=\/wp\/v2\/posts\/74841","targetHints":{"allow":["GET"]}}],"collection":[{"href":"https:\/\/2horizontes.com\/index.php?rest_route=\/wp\/v2\/posts"}],"about":[{"href":"https:\/\/2horizontes.com\/index.php?rest_route=\/wp\/v2\/types\/post"}],"author":[{"embeddable":true,"href":"https:\/\/2horizontes.com\/index.php?rest_route=\/wp\/v2\/users\/1"}],"replies":[{"embeddable":true,"href":"https:\/\/2horizontes.com\/index.php?rest_route=%2Fwp%2Fv2%2Fcomments&post=74841"}],"version-history":[{"count":1,"href":"https:\/\/2horizontes.com\/index.php?rest_route=\/wp\/v2\/posts\/74841\/revisions"}],"predecessor-version":[{"id":74843,"href":"https:\/\/2horizontes.com\/index.php?rest_route=\/wp\/v2\/posts\/74841\/revisions\/74843"}],"wp:featuredmedia":[{"embeddable":true,"href":"https:\/\/2horizontes.com\/index.php?rest_route=\/wp\/v2\/media\/74842"}],"wp:attachment":[{"href":"https:\/\/2horizontes.com\/index.php?rest_route=%2Fwp%2Fv2%2Fmedia&parent=74841"}],"wp:term":[{"taxonomy":"category","embeddable":true,"href":"https:\/\/2horizontes.com\/index.php?rest_route=%2Fwp%2Fv2%2Fcategories&post=74841"},{"taxonomy":"post_tag","embeddable":true,"href":"https:\/\/2horizontes.com\/index.php?rest_route=%2Fwp%2Fv2%2Ftags&post=74841"}],"curies":[{"name":"wp","href":"https:\/\/api.w.org\/{rel}","templated":true}]}}