{"id":74779,"date":"2022-10-31T22:31:36","date_gmt":"2022-10-31T21:31:36","guid":{"rendered":"https:\/\/2horizontes.com\/?p=74779"},"modified":"2022-10-31T22:31:37","modified_gmt":"2022-10-31T21:31:37","slug":"hombre-que-violo-hija-menor-en-yamasa-cumplira-20-anos-prision","status":"publish","type":"post","link":"https:\/\/2horizontes.com\/?p=74779","title":{"rendered":"Hombre que viol\u00f3 hija menor en Yamas\u00e1 cumplir\u00e1 20 a\u00f1os prisi\u00f3n\u00a0"},"content":{"rendered":"\n<p><\/p>\n\n\n\n<p>MONTE PLATA.- El Tribunal Colegiado de esta demarcaci\u00f3n dict\u00f3 20 a\u00f1os de prisi\u00f3n a un hombre acusado de violar sexualmente a una hija adolescente en el municipio Yamas\u00e1.<\/p>\n\n\n\n<p>El tribunal, presidido por la jueza Hilda Nieves S\u00e1nchez Luna, estableci\u00f3 que el acusado cometi\u00f3 la violaci\u00f3n sexual contra su hija menor de edad.&nbsp; Ambos nombres fueron omitidos para proteger la identidad e intimidad de la v\u00edctima.<\/p>\n\n\n\n<p>El expediente acusatorio indica que el hombre violaba a su hija desde que \u00e9sta ten\u00eda 13 a\u00f1os y hasta que cumpli\u00f3 los 16. Producto de la violaci\u00f3n el hoy condenado contagi\u00f3 a su hija del virus de inmunodeficiencia humana (VIH).<\/p>\n\n\n\n<p>an\/am<\/p>\n","protected":false},"excerpt":{"rendered":"<p>MONTE PLATA.- El Tribunal Colegiado de esta demarcaci\u00f3n dict\u00f3 20 a\u00f1os de prisi\u00f3n a un hombre acusado de violar sexualmente a una hija adolescente en el municipio Yamas\u00e1. El tribunal, presidido por la jueza Hilda Nieves S\u00e1nchez Luna, estableci\u00f3 que el acusado cometi\u00f3 la violaci\u00f3n sexual contra su hija menor de edad.&nbsp; Ambos nombres fueron [&hellip;]<\/p>\n","protected":false},"author":1,"featured_media":74780,"comment_status":"open","ping_status":"open","sticky":false,"template":"","format":"standard","meta":{"footnotes":""},"categories":[53,44],"tags":[],"class_list":["post-74779","post","type-post","status-publish","format-standard","has-post-thumbnail","hentry","category-provincias","category-republica-dominicana"],"_links":{"self":[{"href":"https:\/\/2horizontes.com\/index.php?rest_route=\/wp\/v2\/posts\/74779","targetHints":{"allow":["GET"]}}],"collection":[{"href":"https:\/\/2horizontes.com\/index.php?rest_route=\/wp\/v2\/posts"}],"about":[{"href":"https:\/\/2horizontes.com\/index.php?rest_route=\/wp\/v2\/types\/post"}],"author":[{"embeddable":true,"href":"https:\/\/2horizontes.com\/index.php?rest_route=\/wp\/v2\/users\/1"}],"replies":[{"embeddable":true,"href":"https:\/\/2horizontes.com\/index.php?rest_route=%2Fwp%2Fv2%2Fcomments&post=74779"}],"version-history":[{"count":1,"href":"https:\/\/2horizontes.com\/index.php?rest_route=\/wp\/v2\/posts\/74779\/revisions"}],"predecessor-version":[{"id":74781,"href":"https:\/\/2horizontes.com\/index.php?rest_route=\/wp\/v2\/posts\/74779\/revisions\/74781"}],"wp:featuredmedia":[{"embeddable":true,"href":"https:\/\/2horizontes.com\/index.php?rest_route=\/wp\/v2\/media\/74780"}],"wp:attachment":[{"href":"https:\/\/2horizontes.com\/index.php?rest_route=%2Fwp%2Fv2%2Fmedia&parent=74779"}],"wp:term":[{"taxonomy":"category","embeddable":true,"href":"https:\/\/2horizontes.com\/index.php?rest_route=%2Fwp%2Fv2%2Fcategories&post=74779"},{"taxonomy":"post_tag","embeddable":true,"href":"https:\/\/2horizontes.com\/index.php?rest_route=%2Fwp%2Fv2%2Ftags&post=74779"}],"curies":[{"name":"wp","href":"https:\/\/api.w.org\/{rel}","templated":true}]}}