{"id":74770,"date":"2022-10-24T13:17:31","date_gmt":"2022-10-24T12:17:31","guid":{"rendered":"https:\/\/2horizontes.com\/?p=74770"},"modified":"2022-10-24T13:17:32","modified_gmt":"2022-10-24T12:17:32","slug":"cruce-la-frontera-52-veces-y-ya-estoy-legal","status":"publish","type":"post","link":"https:\/\/2horizontes.com\/?p=74770","title":{"rendered":"\u201cCruc\u00e9 la frontera 52 veces y ya estoy legal\u201d"},"content":{"rendered":"\n<p>La historia de Mateo es desgarradora. Aunque hoy reside en Rep\u00fablica Dominicana con sus papeles en regla, lograrlo le cost\u00f3 tres violaciones, maltrato, lesiones f\u00edsicas graves, trastornos emocionales, muchas l\u00e1grimas y, por si fuera poco, gastar altas sumas de dinero.<\/p>\n\n\n\n<p><\/p>\n\n\n\n<p>Fue Francisco quien le consigui\u00f3 esta historia a LIST\u00cdN DIARIO. El dominicano hizo la gesti\u00f3n para que Mateo contara su experiencia sobre las 52 veces que cruz\u00f3 la frontera antes de legalizar su permanencia en Rep\u00fablica Dominicana.&nbsp;&nbsp;<\/p>\n\n\n\n<p>T\u00edmido, extendi\u00f3 la mano para saludar cuando lleg\u00f3 el equipo a entrevistarlo. Se guard\u00f3 muy bien vestido. Una camisa naranja con mangas cortas, unas bermudas caqui y, unos tenis, que m\u00e1s blancos no pod\u00edan estar. Se quit\u00f3 la gorra negra que llevaba y procedi\u00f3 a acomodarse, se\u00f1alando la escalera como el lugar donde el resto, tambi\u00e9n pod\u00eda sentarse.&nbsp;&nbsp;<\/p>\n\n\n\n<p>&nbsp;\u00bfListo? Se le pregunt\u00f3.&nbsp;<strong>\u201cS\u00ed, vamo\u2019 arriba\u201d. Respondi\u00f3 en buen \u201cdominicano\u201d.<\/strong>&nbsp;Al decir esto sonri\u00f3 y encogi\u00f3 las piernas para de inmediato sorprender con esto: \u201cAntes de sacar mis papeles cruc\u00e9 la frontera 52 veces. Ven\u00eda y me mandaban; volv\u00eda y me llevaban de nuevo. Mis panas dec\u00edan que yo ten\u00eda mala suerte, porque siempre me encontraban\u201d. Hasta aqu\u00ed todo puede provocar risa.&nbsp;&nbsp;&nbsp;<\/p>\n\n\n\n<p>Su rostro, su pose, y hasta su forma de hablar cambi\u00f3 cuando respondi\u00f3 sobre sus peores experiencias atravesando la l\u00ednea que divide a Rep\u00fablica Dominicana y a Hait\u00ed. \u201cMe abusaron tres veces\u201d, logra decir entre sollozos. Se repone entre sudores y l\u00e1grimas y contin\u00faa: \u201cLa primera vez yo ten\u00eda 16 a\u00f1os y era la segunda que cruzaba. La segunda violaci\u00f3n, ya estaba grande, y vinimos en un cami\u00f3n mucha gente y nos tiramos desde que cruzamos y nos metimos a unos matorrales y ah\u00ed pas\u00f3\u201d. Se pone triste y, aunque no responde con palabras si los abusos los cometieron sus compatriotas, el movimiento de su cabeza lo afirma. La tercera violaci\u00f3n solo la mencion\u00f3, pero no ofreci\u00f3 detalles.&nbsp;<\/p>\n\n\n\n<p><strong>\u201cDespert\u00e9 en un hospital\u201d&nbsp;<\/strong><\/p>\n\n\n\n<p>Otra prueba fuerte que sufri\u00f3 Mateo fue una golpiza que recibi\u00f3 en uno de sus viajes. No da cuenta de qui\u00e9n se la propin\u00f3, pero asegura que ese tipo de atropello es com\u00fan en la pr\u00e1ctica de entrada a territorio dominicano. \u201cEs una lucha grande por llegar, y pasa de todo, no se imagina usted\u201d. Agacha la cabeza y la mantiene as\u00ed hasta que decide contar sobre lo que sufri\u00f3 en esa ocasi\u00f3n.&nbsp;<\/p>\n\n\n\n<p>\u201cCuando abr\u00ed los ojos en un hospital del sur, me dijeron que ten\u00eda m\u00e1s de una semana entre la vida y la muerte. Me salv\u00e9 de esa, pero me mandaron de nuevo para mi pa\u00eds. Dur\u00e9 como seis meses all\u00e1 y volv\u00ed a intentarlo, porque ten\u00eda que arriesgarme, quer\u00eda trabajar aqu\u00ed para ayudar a mi mam\u00e1 enferma\u201d. Esto mueve sus fibras m\u00e1s sensibles y deja claro lo mucho que le importa la salud de su progenitora.&nbsp;&nbsp;<\/p>\n\n\n\n<p><strong>Al hablar sobre los m\u00faltiples maltratos que recibi\u00f3 durante sus \u201chaza\u00f1as\u201d para entrar a territorio dominicano, Mateo pone \u00e9nfasis a su mal manejo.<\/strong>&nbsp;\u201cYo s\u00e9 que muchas de esas cosas me las busqu\u00e9 yo, pues desde el primer momento pas\u00e9 trabajo, y mientras m\u00e1s lo intentaba m\u00e1s terrible era todo. Lo intentaba solo, con dos o tres amigos y en grandes grupos y siempre algo me pasaba. Pero, oye, no era solo a m\u00ed, hay otros que han pasado mucho trabajo\u201d. Se hace responsable de sus decisiones.&nbsp;<\/p>\n\n\n\n<p>&nbsp; Otra experiencia amarga la pas\u00f3 cuando con apenas 18 a\u00f1os, intent\u00f3 cruzar en un cami\u00f3n en el que \u201cno cab\u00eda un mandado\u201d, como se dice en buen dominicano. \u201cSe volte\u00f3 el cami\u00f3n, y se arm\u00f3 un desastre. Sal\u00ed corriendo con unos cuantos, y despu\u00e9s supe que muri\u00f3 un hombre\u201d. Se guarda algunos detalles que cree puede generarle alg\u00fan problema.&nbsp;<\/p>\n\n\n\n<p>&nbsp; \u00bfT\u00fa eres muy reservado o temes contar algunos datos que puedan comprometerte? \u201cNoooo, es que no me gusta buscarme problemas. Yo quiero a los dominicanos porque me han dado la oportunidad de trabajar y por eso mi mam\u00e1 est\u00e1 sana, pero tambi\u00e9n quiero a mi pa\u00eds, yo sufro por lo que est\u00e1 pasando en mi pa\u00eds, o\u00edste, yo sufro\u201d. Lo dijo irrumpiendo en un llanto desconsolado que hizo llorar a los dem\u00e1s.<\/p>\n\n\n\n<p><strong>\u201cGracias a los dominicanos mi madre est\u00e1 viva\u201d&nbsp;&nbsp;<\/strong><\/p>\n\n\n\n<p>\u201cPor m\u00e1s que te cuente lo dura que fue mi experiencia para lograr radicarme aqu\u00ed, no te la contar\u00e9 como la viv\u00ed. Pas\u00e9 mucho trabajo. Fui v\u00edctima de abusos, de maltratos\u2026 No importaba la calle por donde pasaba ni la hora, siempre me encontraba con \u2018la camiona\u2019 como dicen ustedes\u201d. En este momento r\u00ede, pero dejando entrever el dolor que le provocan esos recuerdos.<\/p>\n\n\n\n<p>\u00bfTu madre estaba enterada de tus salidas y entradas? A esta pregunta respondi\u00f3, no sin antes hacer una mueca con la boca y retorcer su rostro.<strong>&nbsp;\u201cQu\u00e9 te digo, ella sab\u00eda que yo quer\u00eda ayudarla, porque estaba muy enferma, pero nunca imagin\u00f3 de qu\u00e9 manera\u201d.&nbsp;<\/strong>Le baja el \u00e1nimo, pero de inmediato dice que su hermano, el que le sigue a \u00e9l, le ocultaba su paradero para que ella no se mortificara.<\/p>\n\n\n\n<p>&nbsp;\u201c\u00c9l dec\u00eda que yo estaba haciendo un trabajo en Petion-Ville, y yo viv\u00eda en Ansa-\u00e1-Pitres, y ella le cre\u00eda y eso conven\u00eda, pues yo entraba y sal\u00eda a cada rato\u201d. Se re\u00ed recordando las m\u00e1s de 50 veces que cruz\u00f3 la frontera antes de regularizar sus papeles y establecerse definitivamente en Rep\u00fablica Dominicana hace como tres a\u00f1os. Sus traves\u00edas comenzaron en el a\u00f1o 2014.&nbsp;<\/p>\n\n\n\n<p>Con un fluido espa\u00f1ol y muestra de sus dotes de buena preparaci\u00f3n acad\u00e9mica, Mateo deja claro que cada vez que pod\u00eda, le\u00eda libros y todo lo que llegara a sus manos que pudiera ayudarle a perfeccionar el idioma y a aumentarle sus conocimientos. \u201cComo perd\u00ed tanto tiempo yendo y viniendo no pod\u00eda inscribirme en la escuela ni all\u00e1 ni aqu\u00ed, por eso le\u00eda, digo leo todav\u00eda\u201d. Despu\u00e9s de legalizar su residencia aqu\u00ed, se hizo bachiller. No ha podido ir a la universidad, pero no lo descarta.<\/p>\n\n\n\n<p><strong>&nbsp;Labores que ha realizado en RD<\/strong><\/p>\n\n\n\n<p>La primera vez que entr\u00f3 a territorio dominicano, dur\u00f3 menos de un mes. Dorm\u00eda en un parque de Pedernales, com\u00eda de los zafacones y algunas sobras que le daba la gente a \u00e9l y a otro compa\u00f1ero. \u201cLlegamos a durar d\u00edas sin comer, y beb\u00edamos agua hasta de los conductos\u201d. Se refiere al agua que corre por los contenes.<\/p>\n\n\n\n<p>&nbsp;\u00bfY no se enfermaban? \u201cNo\u201d fue la respuesta. \u201cTenemos est\u00f3mago de hierro, dicen los dominicanos\u201d. A carcajadas se r\u00ede y los dem\u00e1s no se quedaron atr\u00e1s. La alegr\u00eda r\u00e1pido perdi\u00f3 su esencia para darle paso a una evidente tristeza cuando coment\u00f3: \u201cSi la beb\u00edamos ten\u00edamos riesgo de enfermarnos y si no la beb\u00edamos, nos deshidrat\u00e1bamos\u201d.&nbsp;<\/p>\n\n\n\n<p>&nbsp;Una vez cruzaba a este lado de la isla, Mateo buscaba la manera de trabajar en lo que fuera. \u201cLimpi\u00e9 ba\u00f1os, sucios, muy sucios; trabaj\u00e9 en casa de familia, bot\u00e9 basura, cort\u00e9 matas, barr\u00ed calles, destap\u00e9 cloacas\u2026 de todo yo he hecho en la vida\u201d. Al detallar esta parte no deja de afligirse y al mismo tiempo muestra orgullo porque hoy tiene un trabajo m\u00e1s suave: es conserje en una torre de apartamentos.<\/p>\n\n\n\n<p><strong>Su agradecimiento<\/strong><\/p>\n\n\n\n<p>Para el protagonista de esta historia lo m\u00e1s duro de contarla no es recordar todo el mal sabor que puede causar cruzar la frontera 52 veces contadas. Lo m\u00e1s triste es saber que ahora mismo hay tantos compatriotas suyos pasando trabajo y queriendo cruzar para Rep\u00fablica Dominicana.&nbsp;<\/p>\n\n\n\n<p>\u201cAhora la situaci\u00f3n es m\u00e1s fuerte, y entiendo a los dominicanos, porque las cosas de este lado tampoco est\u00e1n muy buenas para los que est\u00e1n, menos para hacerse cargo de los problemas de mi pa\u00eds. Es bueno que la gente sepa que muchos haitianos, s\u00ed agradecemos a este pa\u00eds, s\u00ed lamentamos que lo que pasa de aquel lado afecte de este lado\u201d. A esta contundente cita le a\u00f1ade:&nbsp;<strong>\u201cYa es tiempo de que la comunidad internacional ayude a mi pa\u00eds\u201d.&nbsp;<\/strong>Las l\u00e1grimas no lo dejaron concluir.<\/p>\n\n\n\n<p>Hubo que esperar un buen rato para que se repusiera, y fue entonces cuando termin\u00f3 la entrevista diciendo: \u201cGracias a los dominicanos mi madre est\u00e1 viva por las oportunidades de trabajo que me han dado para enviarle dinero. Ahora las cosas est\u00e1n muy complicadas y tengo mucho sin ver a mi familia, aunque hemos ido resolviendo, pero de verdad, deseo que se resuelva el caos all\u00e1, de coraz\u00f3n lo quiero\u201d. Cerr\u00f3 la cita y qued\u00f3 llorando el hombre que aqu\u00ed ya tiene una esposa y un hijo.&nbsp;&nbsp;<\/p>\n","protected":false},"excerpt":{"rendered":"<p>La historia de Mateo es desgarradora. Aunque hoy reside en Rep\u00fablica Dominicana con sus papeles en regla, lograrlo le cost\u00f3 tres violaciones, maltrato, lesiones f\u00edsicas graves, trastornos emocionales, muchas l\u00e1grimas y, por si fuera poco, gastar altas sumas de dinero. Fue Francisco quien le consigui\u00f3 esta historia a LIST\u00cdN DIARIO. El dominicano hizo la gesti\u00f3n [&hellip;]<\/p>\n","protected":false},"author":1,"featured_media":74771,"comment_status":"open","ping_status":"open","sticky":false,"template":"","format":"standard","meta":{"footnotes":""},"categories":[54,47,44],"tags":[],"class_list":["post-74770","post","type-post","status-publish","format-standard","has-post-thumbnail","hentry","category-emigrantes","category-haiti","category-republica-dominicana"],"_links":{"self":[{"href":"https:\/\/2horizontes.com\/index.php?rest_route=\/wp\/v2\/posts\/74770","targetHints":{"allow":["GET"]}}],"collection":[{"href":"https:\/\/2horizontes.com\/index.php?rest_route=\/wp\/v2\/posts"}],"about":[{"href":"https:\/\/2horizontes.com\/index.php?rest_route=\/wp\/v2\/types\/post"}],"author":[{"embeddable":true,"href":"https:\/\/2horizontes.com\/index.php?rest_route=\/wp\/v2\/users\/1"}],"replies":[{"embeddable":true,"href":"https:\/\/2horizontes.com\/index.php?rest_route=%2Fwp%2Fv2%2Fcomments&post=74770"}],"version-history":[{"count":1,"href":"https:\/\/2horizontes.com\/index.php?rest_route=\/wp\/v2\/posts\/74770\/revisions"}],"predecessor-version":[{"id":74772,"href":"https:\/\/2horizontes.com\/index.php?rest_route=\/wp\/v2\/posts\/74770\/revisions\/74772"}],"wp:featuredmedia":[{"embeddable":true,"href":"https:\/\/2horizontes.com\/index.php?rest_route=\/wp\/v2\/media\/74771"}],"wp:attachment":[{"href":"https:\/\/2horizontes.com\/index.php?rest_route=%2Fwp%2Fv2%2Fmedia&parent=74770"}],"wp:term":[{"taxonomy":"category","embeddable":true,"href":"https:\/\/2horizontes.com\/index.php?rest_route=%2Fwp%2Fv2%2Fcategories&post=74770"},{"taxonomy":"post_tag","embeddable":true,"href":"https:\/\/2horizontes.com\/index.php?rest_route=%2Fwp%2Fv2%2Ftags&post=74770"}],"curies":[{"name":"wp","href":"https:\/\/api.w.org\/{rel}","templated":true}]}}