{"id":74767,"date":"2022-10-24T13:11:31","date_gmt":"2022-10-24T12:11:31","guid":{"rendered":"https:\/\/2horizontes.com\/?p=74767"},"modified":"2022-10-24T13:11:33","modified_gmt":"2022-10-24T12:11:33","slug":"jce-realizara-este-martes-una-audiencia-publica-con-partidos","status":"publish","type":"post","link":"https:\/\/2horizontes.com\/?p=74767","title":{"rendered":"JCE realizar\u00e1 este martes una audiencia p\u00fablica con partidos"},"content":{"rendered":"\n<p><\/p>\n\n\n\n<p>SANTO DOMINGO. \u2013 El Pleno de la Junta Central Electoral (JCE) realizar\u00e1 este martes una audiencia p\u00fablica con&nbsp; miembros de las organizaciones pol\u00edticas acreditados ante el \u00f3rgano para escuchar su parecer sobre la conformaci\u00f3n preliminar de 100 Juntas Electorales y 20 Oficinas de Coordinaci\u00f3n de Log\u00edstica en el exterior (OCLEE).<\/p>\n\n\n\n<p>En documento enviado a ALMOMENTO.NET la JCE indica que tratar\u00e1n sobre la medida que en este sentido fue dispuesta del 31 de agosto de 2022.<\/p>\n\n\n\n<p>\u00abEn adicional a lo anterior, el Pleno sociabilizar\u00e1 con las organizaciones partidarias la solicitud del 14 de julio pasado del Partido Generaci\u00f3n de Servidores, que someti\u00f3 la aprobaci\u00f3n de las modificaciones estatutarias realizadas en la asamblea constitutiva de fecha 26 de junio de 2022, en la que se aprobaron los cambios de los colores de la bandera, las siglas y el lema de la citada organizaci\u00f3n pol\u00edtica\u00bb, indic\u00f3.<\/p>\n\n\n\n<p>La audiencia p\u00fablica fue convocada a trav\u00e9s de la Secretar\u00eda General de la JCE para el martes 25 de octubre de 2022, a las 3:00 p.m., en el Auditorio de la JCE.<\/p>\n","protected":false},"excerpt":{"rendered":"<p>SANTO DOMINGO. \u2013 El Pleno de la Junta Central Electoral (JCE) realizar\u00e1 este martes una audiencia p\u00fablica con&nbsp; miembros de las organizaciones pol\u00edticas acreditados ante el \u00f3rgano para escuchar su parecer sobre la conformaci\u00f3n preliminar de 100 Juntas Electorales y 20 Oficinas de Coordinaci\u00f3n de Log\u00edstica en el exterior (OCLEE). En documento enviado a ALMOMENTO.NET [&hellip;]<\/p>\n","protected":false},"author":1,"featured_media":74768,"comment_status":"open","ping_status":"open","sticky":false,"template":"","format":"standard","meta":{"footnotes":""},"categories":[43,44],"tags":[],"class_list":["post-74767","post","type-post","status-publish","format-standard","has-post-thumbnail","hentry","category-politica","category-republica-dominicana"],"_links":{"self":[{"href":"https:\/\/2horizontes.com\/index.php?rest_route=\/wp\/v2\/posts\/74767","targetHints":{"allow":["GET"]}}],"collection":[{"href":"https:\/\/2horizontes.com\/index.php?rest_route=\/wp\/v2\/posts"}],"about":[{"href":"https:\/\/2horizontes.com\/index.php?rest_route=\/wp\/v2\/types\/post"}],"author":[{"embeddable":true,"href":"https:\/\/2horizontes.com\/index.php?rest_route=\/wp\/v2\/users\/1"}],"replies":[{"embeddable":true,"href":"https:\/\/2horizontes.com\/index.php?rest_route=%2Fwp%2Fv2%2Fcomments&post=74767"}],"version-history":[{"count":1,"href":"https:\/\/2horizontes.com\/index.php?rest_route=\/wp\/v2\/posts\/74767\/revisions"}],"predecessor-version":[{"id":74769,"href":"https:\/\/2horizontes.com\/index.php?rest_route=\/wp\/v2\/posts\/74767\/revisions\/74769"}],"wp:featuredmedia":[{"embeddable":true,"href":"https:\/\/2horizontes.com\/index.php?rest_route=\/wp\/v2\/media\/74768"}],"wp:attachment":[{"href":"https:\/\/2horizontes.com\/index.php?rest_route=%2Fwp%2Fv2%2Fmedia&parent=74767"}],"wp:term":[{"taxonomy":"category","embeddable":true,"href":"https:\/\/2horizontes.com\/index.php?rest_route=%2Fwp%2Fv2%2Fcategories&post=74767"},{"taxonomy":"post_tag","embeddable":true,"href":"https:\/\/2horizontes.com\/index.php?rest_route=%2Fwp%2Fv2%2Ftags&post=74767"}],"curies":[{"name":"wp","href":"https:\/\/api.w.org\/{rel}","templated":true}]}}