{"id":74748,"date":"2022-10-24T12:42:53","date_gmt":"2022-10-24T11:42:53","guid":{"rendered":"https:\/\/2horizontes.com\/?p=74748"},"modified":"2022-10-24T12:42:55","modified_gmt":"2022-10-24T11:42:55","slug":"gobierno-dispone-transporte-para-estudiantes-de-escuelas-publicas","status":"publish","type":"post","link":"https:\/\/2horizontes.com\/?p=74748","title":{"rendered":"Gobierno dispone transporte para estudiantes de escuelas p\u00fablicas"},"content":{"rendered":"\n<p><\/p>\n\n\n\n<p>SANTO DOMINGO.- El Gobierno de la Rep\u00fablica Dominicana declar\u00f3 de alto inter\u00e9s nacional la creaci\u00f3n de un \u201cSistema Nacional de Movilidad Escolar\u201d, dirigido a suministrar transporte gratis y seguro millares de estudiantes de escuelas publicas.<\/p>\n\n\n\n<p>Mediante un video colocado en YouTube y otras redes sociales, el vocero del Gobierno, Homero Figueroa, declar\u00f3 que &nbsp;la disposici\u00f3n est\u00e1 contenida en un decreto que acaba de emitir el Mandatario, el cual instruye al Ministerio de Educaci\u00f3n \u201corganizar y ejecutar todas las acciones necesarias\u201d &nbsp;para implementar dicho sistema.<\/p>\n\n\n\n<p>Dijo que el motivo de la creaci\u00f3n del primer Sistema Nacional de Movilidad Escolar es &nbsp;\u201cla preocupaci\u00f3n en la que viven de forma permanente todos los padres y madres para que sus hijos transiten seguros a la escuela y de vuelta a casa\u201d.<\/p>\n\n\n\n<p>\u201cHemos &nbsp;trabajado para solucionar los principales problemas del pa\u00eds. Hoy, comenzamos a trabajar para que tus hijos lleguen a la escuela y regresen a casa sanos y salvos, de forma completamente gratuita a nivel nacional\u201d, enfatiz\u00f3 Figueroa.<\/p>\n\n\n\n<p>of-am-sp<\/p>\n","protected":false},"excerpt":{"rendered":"<p>SANTO DOMINGO.- El Gobierno de la Rep\u00fablica Dominicana declar\u00f3 de alto inter\u00e9s nacional la creaci\u00f3n de un \u201cSistema Nacional de Movilidad Escolar\u201d, dirigido a suministrar transporte gratis y seguro millares de estudiantes de escuelas publicas. Mediante un video colocado en YouTube y otras redes sociales, el vocero del Gobierno, Homero Figueroa, declar\u00f3 que &nbsp;la disposici\u00f3n [&hellip;]<\/p>\n","protected":false},"author":1,"featured_media":74749,"comment_status":"open","ping_status":"open","sticky":false,"template":"","format":"standard","meta":{"footnotes":""},"categories":[55,44],"tags":[],"class_list":["post-74748","post","type-post","status-publish","format-standard","has-post-thumbnail","hentry","category-educacion","category-republica-dominicana"],"_links":{"self":[{"href":"https:\/\/2horizontes.com\/index.php?rest_route=\/wp\/v2\/posts\/74748","targetHints":{"allow":["GET"]}}],"collection":[{"href":"https:\/\/2horizontes.com\/index.php?rest_route=\/wp\/v2\/posts"}],"about":[{"href":"https:\/\/2horizontes.com\/index.php?rest_route=\/wp\/v2\/types\/post"}],"author":[{"embeddable":true,"href":"https:\/\/2horizontes.com\/index.php?rest_route=\/wp\/v2\/users\/1"}],"replies":[{"embeddable":true,"href":"https:\/\/2horizontes.com\/index.php?rest_route=%2Fwp%2Fv2%2Fcomments&post=74748"}],"version-history":[{"count":1,"href":"https:\/\/2horizontes.com\/index.php?rest_route=\/wp\/v2\/posts\/74748\/revisions"}],"predecessor-version":[{"id":74750,"href":"https:\/\/2horizontes.com\/index.php?rest_route=\/wp\/v2\/posts\/74748\/revisions\/74750"}],"wp:featuredmedia":[{"embeddable":true,"href":"https:\/\/2horizontes.com\/index.php?rest_route=\/wp\/v2\/media\/74749"}],"wp:attachment":[{"href":"https:\/\/2horizontes.com\/index.php?rest_route=%2Fwp%2Fv2%2Fmedia&parent=74748"}],"wp:term":[{"taxonomy":"category","embeddable":true,"href":"https:\/\/2horizontes.com\/index.php?rest_route=%2Fwp%2Fv2%2Fcategories&post=74748"},{"taxonomy":"post_tag","embeddable":true,"href":"https:\/\/2horizontes.com\/index.php?rest_route=%2Fwp%2Fv2%2Ftags&post=74748"}],"curies":[{"name":"wp","href":"https:\/\/api.w.org\/{rel}","templated":true}]}}