{"id":74745,"date":"2022-10-20T22:12:27","date_gmt":"2022-10-20T21:12:27","guid":{"rendered":"https:\/\/2horizontes.com\/?p=74745"},"modified":"2022-10-20T22:12:28","modified_gmt":"2022-10-20T21:12:28","slug":"la-madrastra-de-mantequilla-tambien-murio-en-el-accidente","status":"publish","type":"post","link":"https:\/\/2horizontes.com\/?p=74745","title":{"rendered":"La madrastra de \u00abMantequilla\u00bb tambi\u00e9n muri\u00f3 en el \u00abaccidente"},"content":{"rendered":"\n<p><\/p>\n\n\n\n<p>SABANA GRANDE DE BOY\u00c1.- Fue confirmada este mi\u00e9rcoles la muerte de una segunda persona en un accidente de tr\u00e1nsito ocurrido en la comunidad El Rodeo, de este municipio, en el cual tambi\u00e9n pereci\u00f3 un compa\u00f1ero de labores de &nbsp;Wilkin Garc\u00eda (Mantequilla), quien operaba una empresa financiera &nbsp;que ofrec\u00eda a sus clientes multiplicarles profusamente el dinero que invirtieran en ella.<\/p>\n\n\n\n<p>El martes en la noche, cuando ocurri\u00f3 el \u00abaccidente\u00bb se inform\u00f3 sobre la muerte de Kelvin de Jes\u00fas Felipe Reyes, de 34 a\u00f1os, y este mi\u00e9rcoles en la ma\u00f1ana se confirm\u00f3 la de Dulce Mar\u00eda Romero (Malena), de 52 a\u00f1os, quien era madrastra de Mantequilla.&nbsp;&nbsp;Ambos sufrieron fuertes contusiones cuando una camioneta Hilux, blanca, en que viajaban, se estrell\u00f3 con un poste del tendido el\u00e9ctrico.<\/p>\n\n\n\n<p>Reyes falleci\u00f3 en la escena y Romero en el hospital \u00c1ngel Contreras Mej\u00eda de Monte Plata, a donde hab\u00eda sido llevada en estado grave tras la colisi\u00f3n.<\/p>\n\n\n\n<p><strong>TAMBI\u00c9N EL PADRE<\/strong><\/p>\n\n\n\n<p>En el veh\u00edculo tambi\u00e9n viajaba el padre de Mantequilla, quien result\u00f3 seriamente lesionado y fue trasladado a un centro de la Capital.<\/p>\n\n\n\n<p><strong>SINTI\u00d3 QUE ERAN \u00abPERSEGUIDOS\u00bb<\/strong><\/p>\n\n\n\n<p>Versiones no confirmadas refieren que el conductor de la camioneta, supuestamente, sinti\u00f3 que eran perseguidos y aceler\u00f3.<\/p>\n\n\n\n<p><strong>\u00abCLIENTES\u00bb RECLAMAN<\/strong><\/p>\n\n\n\n<p>Medios de prensa informan este martes en la noche clientes de Wilkin Garc\u00eda Peguero, alias \u201cMantequilla\u201d, quemaron neum\u00e1ticos frente&nbsp;a la vivienda de este \u00faltimo en Sabana Grande de Boy\u00e1, para exigirle la devoluci\u00f3n del dinero invertido por ellos.<\/p>\n","protected":false},"excerpt":{"rendered":"<p>SABANA GRANDE DE BOY\u00c1.- Fue confirmada este mi\u00e9rcoles la muerte de una segunda persona en un accidente de tr\u00e1nsito ocurrido en la comunidad El Rodeo, de este municipio, en el cual tambi\u00e9n pereci\u00f3 un compa\u00f1ero de labores de &nbsp;Wilkin Garc\u00eda (Mantequilla), quien operaba una empresa financiera &nbsp;que ofrec\u00eda a sus clientes multiplicarles profusamente el dinero [&hellip;]<\/p>\n","protected":false},"author":1,"featured_media":74746,"comment_status":"open","ping_status":"open","sticky":false,"template":"","format":"standard","meta":{"footnotes":""},"categories":[44],"tags":[],"class_list":["post-74745","post","type-post","status-publish","format-standard","has-post-thumbnail","hentry","category-republica-dominicana"],"_links":{"self":[{"href":"https:\/\/2horizontes.com\/index.php?rest_route=\/wp\/v2\/posts\/74745","targetHints":{"allow":["GET"]}}],"collection":[{"href":"https:\/\/2horizontes.com\/index.php?rest_route=\/wp\/v2\/posts"}],"about":[{"href":"https:\/\/2horizontes.com\/index.php?rest_route=\/wp\/v2\/types\/post"}],"author":[{"embeddable":true,"href":"https:\/\/2horizontes.com\/index.php?rest_route=\/wp\/v2\/users\/1"}],"replies":[{"embeddable":true,"href":"https:\/\/2horizontes.com\/index.php?rest_route=%2Fwp%2Fv2%2Fcomments&post=74745"}],"version-history":[{"count":1,"href":"https:\/\/2horizontes.com\/index.php?rest_route=\/wp\/v2\/posts\/74745\/revisions"}],"predecessor-version":[{"id":74747,"href":"https:\/\/2horizontes.com\/index.php?rest_route=\/wp\/v2\/posts\/74745\/revisions\/74747"}],"wp:featuredmedia":[{"embeddable":true,"href":"https:\/\/2horizontes.com\/index.php?rest_route=\/wp\/v2\/media\/74746"}],"wp:attachment":[{"href":"https:\/\/2horizontes.com\/index.php?rest_route=%2Fwp%2Fv2%2Fmedia&parent=74745"}],"wp:term":[{"taxonomy":"category","embeddable":true,"href":"https:\/\/2horizontes.com\/index.php?rest_route=%2Fwp%2Fv2%2Fcategories&post=74745"},{"taxonomy":"post_tag","embeddable":true,"href":"https:\/\/2horizontes.com\/index.php?rest_route=%2Fwp%2Fv2%2Ftags&post=74745"}],"curies":[{"name":"wp","href":"https:\/\/api.w.org\/{rel}","templated":true}]}}