{"id":74726,"date":"2022-10-20T21:24:09","date_gmt":"2022-10-20T20:24:09","guid":{"rendered":"https:\/\/2horizontes.com\/?p=74726"},"modified":"2022-10-20T21:24:11","modified_gmt":"2022-10-20T20:24:11","slug":"ven-abinader-es-mandatario-con-mayor-transparencia-historia-rd","status":"publish","type":"post","link":"https:\/\/2horizontes.com\/?p=74726","title":{"rendered":"Ven Abinader es mandatario \u00abcon mayor transparencia historia RD"},"content":{"rendered":"\n<p>\u00a0<a rel=\"noreferrer noopener\" href=\"https:\/\/twitter.com\/share?url=https:\/\/almomento.net\/ve-abinader-el-mandatario-con-mayor-transparencia-historia-rd\/&amp;text=Ven%20Abinader%20es%20mandatario%20%C2%ABcon%20mayor%20transparencia%20historia%20RD%C2%BB\" target=\"_blank\"><\/a><\/p>\n\n\n\n<figure class=\"wp-block-embed is-type-rich is-provider-gestor-del-servicio wp-block-embed-gestor-del-servicio wp-embed-aspect-16-9 wp-has-aspect-ratio\"><div class=\"wp-block-embed__wrapper\">\n<iframe loading=\"lazy\" title=\"Ve Abinader el mandatario &quot;con mayor transparencia historia RD&quot;\" width=\"960\" height=\"540\" src=\"https:\/\/www.youtube.com\/embed\/XRPAzvc7ToE?feature=oembed\" frameborder=\"0\" allow=\"accelerometer; autoplay; clipboard-write; encrypted-media; gyroscope; picture-in-picture\" allowfullscreen><\/iframe>\n<\/div><\/figure>\n\n\n\n<p>SANTO DOMINGO.- El presidente Luis Abinader es el mandatario \u201ccon mayor nivel de transparencia en la historia de la Rep\u00fablica Dominicana\u201d, opin\u00f3 la Federaci\u00f3n Dominicana de Comerciantes (FDC).<\/p>\n\n\n\n<p>Durante la firma de un acuerdo este jueves con el Ministerio de Interior y Polic\u00eda el presidente de la FDC, &nbsp;Iv\u00e1n Garc\u00eda, ponder\u00f3 la fluida comunicaci\u00f3n que mantiene Abinader con el sector productivo.<\/p>\n\n\n\n<p>\u201cEn estos 26 meses de gobierno del presidente Abinader tenemos que admitir que es un mandatario que siempre escucha a los que estamos en contacto diario con el pueblo dominicano\u201d, dijo.<\/p>\n\n\n\n<p>Garc\u00eda sostuvo que el Presidente ha dejado que los miembros del Ministerio P\u00fablico cumplan con su papel sin intervenir en ninguna de sus decisiones.<\/p>\n\n\n\n<p><strong>APOYO AL SECTOR COMERCIAL<\/strong><\/p>\n\n\n\n<p>En torno al apoyo dado por el Gobierno al sector comercial, dijo que a trav\u00e9s de Promipyme ha facilitado 12 mil millones de pesos a los miembros de la FDC y resalt\u00f3 el acuerdo &nbsp;\u201cPrecios Justos\u201d suscrito con Pro-Consumidor y su director Eddy Alc\u00e1ntara.<\/p>\n\n\n\n<p>Manifest\u00f3 que la FDC cuenta con 432 asociaciones de comerciantes distribuidos en todo el territorio nacional que incluye a 63 mil 300 afiliados.<\/p>\n\n\n\n<p><strong>ACUERDO FDC<\/strong>&nbsp;<strong>MINISTRO DE INTERIOR Y POLIC\u00cdA<\/strong><\/p>\n\n\n\n<p>El ministro de Interior y Polic\u00eda, Jes\u00fas V\u00e1squez y el director de la Polic\u00eda, mayor general Eduardo Alberto Then, suscribieron un convenio con el presidente de la FDC, por la celebraci\u00f3n del 48 aniversario de la entidad empresarial.<\/p>\n\n\n\n<p>El convenio ampl\u00eda los establecimientos comerciales donde se ofrecer\u00e1n descuentos a los agentes del orden en sus compras, rebajas que tambi\u00e9n, se incrementan de un 6 por ciento hasta un 10% en todo el pa\u00eds.<\/p>\n\n\n\n<p>Seg\u00fan el mismo, todos los miembros de la Polic\u00eda registrados en la base de datos de esta instituci\u00f3n recibir\u00e1n descuentos de un 10 por ciento en la compra de productos en los establecimientos afiliados a la FDC, previa presentaci\u00f3n del carnet de identificaci\u00f3n.<\/p>\n\n\n\n<p>\u201cCon este acuerdo ya son m\u00e1s de 200 los establecimientos afiliados que beneficiar\u00e1n a los agentes policiales de los 1,715 supermercados que agrupa la FDC en el territorio nacional\u201d, revel\u00f3 Garc\u00eda.<\/p>\n\n\n\n<p><strong>ABINADER: ECONOM\u00cdA CRECER\u00c1 4.5% PR\u00d3XIMO A\u00d1O<\/strong><\/p>\n\n\n\n<p>Al pronunciar unas breves palabras el Presidente Abinader dijo sentirse complacido y comprometido por el reconocimiento de la FDC.<\/p>\n\n\n\n<p>Valor\u00f3 la colaboraci\u00f3n y aportes brindados por la Federaci\u00f3n Dominicana de Comerciantes y su impulso con el desarrollo de la naci\u00f3n.<\/p>\n\n\n\n<p>Destac\u00f3 que el Gobierno tiene proyectado un crecimiento econ\u00f3mico para el pa\u00eds de m\u00e1s de un 5% este a\u00f1o y un 4.5% para el 2023.<\/p>\n\n\n\n<p>\u201cEste pa\u00eds va a crecer a m\u00e1s de un 5% este a\u00f1o, que, si lo comparamos con la situaci\u00f3n regional e internacional somos privilegiados y dependiendo de la situaci\u00f3n internacional, tambi\u00e9n vamos a crecer un 4.5% en lo adelante\u201d, explic\u00f3.<\/p>\n\n\n\n<p>Abinader resalt\u00f3, adem\u00e1s, que est\u00e1 cumpliendo con su responsabilidad y compromiso asumido tras llegar al poder poniendo como norte la protecci\u00f3n de todos los dominicanos, especialmente los m\u00e1s necesitados.<\/p>\n\n\n\n<p>an\/am<\/p>\n","protected":false},"excerpt":{"rendered":"<p>\u00a0 SANTO DOMINGO.- El presidente Luis Abinader es el mandatario \u201ccon mayor nivel de transparencia en la historia de la Rep\u00fablica Dominicana\u201d, opin\u00f3 la Federaci\u00f3n Dominicana de Comerciantes (FDC). Durante la firma de un acuerdo este jueves con el Ministerio de Interior y Polic\u00eda el presidente de la FDC, &nbsp;Iv\u00e1n Garc\u00eda, ponder\u00f3 la fluida comunicaci\u00f3n [&hellip;]<\/p>\n","protected":false},"author":1,"featured_media":74728,"comment_status":"open","ping_status":"open","sticky":false,"template":"","format":"standard","meta":{"footnotes":""},"categories":[43,83,44],"tags":[],"class_list":["post-74726","post","type-post","status-publish","format-standard","has-post-thumbnail","hentry","category-politica","category-reportajes","category-republica-dominicana"],"_links":{"self":[{"href":"https:\/\/2horizontes.com\/index.php?rest_route=\/wp\/v2\/posts\/74726","targetHints":{"allow":["GET"]}}],"collection":[{"href":"https:\/\/2horizontes.com\/index.php?rest_route=\/wp\/v2\/posts"}],"about":[{"href":"https:\/\/2horizontes.com\/index.php?rest_route=\/wp\/v2\/types\/post"}],"author":[{"embeddable":true,"href":"https:\/\/2horizontes.com\/index.php?rest_route=\/wp\/v2\/users\/1"}],"replies":[{"embeddable":true,"href":"https:\/\/2horizontes.com\/index.php?rest_route=%2Fwp%2Fv2%2Fcomments&post=74726"}],"version-history":[{"count":1,"href":"https:\/\/2horizontes.com\/index.php?rest_route=\/wp\/v2\/posts\/74726\/revisions"}],"predecessor-version":[{"id":74729,"href":"https:\/\/2horizontes.com\/index.php?rest_route=\/wp\/v2\/posts\/74726\/revisions\/74729"}],"wp:featuredmedia":[{"embeddable":true,"href":"https:\/\/2horizontes.com\/index.php?rest_route=\/wp\/v2\/media\/74728"}],"wp:attachment":[{"href":"https:\/\/2horizontes.com\/index.php?rest_route=%2Fwp%2Fv2%2Fmedia&parent=74726"}],"wp:term":[{"taxonomy":"category","embeddable":true,"href":"https:\/\/2horizontes.com\/index.php?rest_route=%2Fwp%2Fv2%2Fcategories&post=74726"},{"taxonomy":"post_tag","embeddable":true,"href":"https:\/\/2horizontes.com\/index.php?rest_route=%2Fwp%2Fv2%2Ftags&post=74726"}],"curies":[{"name":"wp","href":"https:\/\/api.w.org\/{rel}","templated":true}]}}