{"id":74723,"date":"2022-10-18T21:38:53","date_gmt":"2022-10-18T20:38:53","guid":{"rendered":"https:\/\/2horizontes.com\/?p=74723"},"modified":"2022-10-18T21:38:54","modified_gmt":"2022-10-18T20:38:54","slug":"el-exprocurador-jean-alain-rodriguez-seguira-en-prision","status":"publish","type":"post","link":"https:\/\/2horizontes.com\/?p=74723","title":{"rendered":"El exprocurador Jean Alain Rodr\u00edguez seguir\u00e1 en prisi\u00f3n"},"content":{"rendered":"\n<p><\/p>\n\n\n\n<p>SANTO DOMINGO.- El exprocurador general de la Rep\u00fablica Jean Alain Rodr\u00edguez, acusado de supuesta corrupci\u00f3n, continuar\u00e1 en prisi\u00f3n preventiva decidi\u00f3 este lunes el juez del Tercer Juzgado de la Instrucci\u00f3n del Distrito Nacional, Amauri Mart\u00ednez.<\/p>\n\n\n\n<p>Rodr\u00edguez est\u00e1 en prisi\u00f3n preventiva desde mediados de 2021, luego de que el Ministerio P\u00fablico formulara acusaciones en su contra por presuntamente encabezar una red que se dedic\u00f3 a desfalcar a Estado durante la \u00e9poca en la que ejerci\u00f3 el cargo.<\/p>\n\n\n\n<p><strong>NO DEMOSTRARON QUE NO EXISTE PELIGRO DE FUGA<\/strong><\/p>\n\n\n\n<p>El juez Mart\u00ednez determin\u00f3 al final de la audiencia, que los abogados del exfuncionario no presentaron presupuestos suficientes para demostrar que no existe el peligro de fuga, como alega el Ministerio P\u00fablico.<\/p>\n\n\n\n<p>La lectura \u00edntegra de la decisi\u00f3n del magistrado se producir\u00e1 el 14 de noviembre venidero.<\/p>\n\n\n\n<p>En el expediente de la llamada \u00abOperaci\u00f3n Medusa\u00bb, que present\u00f3 el Ministerio P\u00fablico en julio pasado, figuran 40 imputados m\u00e1s y 22 empresas, e incluye a m\u00e1s de 400 testigos.<\/p>\n\n\n\n<p>La supuesta red de corrupci\u00f3n manej\u00f3 m\u00e1s de 1,000 millones de pesos en sobornos, seg\u00fan la acusaci\u00f3n.<\/p>\n","protected":false},"excerpt":{"rendered":"<p>SANTO DOMINGO.- El exprocurador general de la Rep\u00fablica Jean Alain Rodr\u00edguez, acusado de supuesta corrupci\u00f3n, continuar\u00e1 en prisi\u00f3n preventiva decidi\u00f3 este lunes el juez del Tercer Juzgado de la Instrucci\u00f3n del Distrito Nacional, Amauri Mart\u00ednez. Rodr\u00edguez est\u00e1 en prisi\u00f3n preventiva desde mediados de 2021, luego de que el Ministerio P\u00fablico formulara acusaciones en su contra [&hellip;]<\/p>\n","protected":false},"author":1,"featured_media":74724,"comment_status":"open","ping_status":"open","sticky":false,"template":"","format":"standard","meta":{"footnotes":""},"categories":[43,44],"tags":[],"class_list":["post-74723","post","type-post","status-publish","format-standard","has-post-thumbnail","hentry","category-politica","category-republica-dominicana"],"_links":{"self":[{"href":"https:\/\/2horizontes.com\/index.php?rest_route=\/wp\/v2\/posts\/74723","targetHints":{"allow":["GET"]}}],"collection":[{"href":"https:\/\/2horizontes.com\/index.php?rest_route=\/wp\/v2\/posts"}],"about":[{"href":"https:\/\/2horizontes.com\/index.php?rest_route=\/wp\/v2\/types\/post"}],"author":[{"embeddable":true,"href":"https:\/\/2horizontes.com\/index.php?rest_route=\/wp\/v2\/users\/1"}],"replies":[{"embeddable":true,"href":"https:\/\/2horizontes.com\/index.php?rest_route=%2Fwp%2Fv2%2Fcomments&post=74723"}],"version-history":[{"count":1,"href":"https:\/\/2horizontes.com\/index.php?rest_route=\/wp\/v2\/posts\/74723\/revisions"}],"predecessor-version":[{"id":74725,"href":"https:\/\/2horizontes.com\/index.php?rest_route=\/wp\/v2\/posts\/74723\/revisions\/74725"}],"wp:featuredmedia":[{"embeddable":true,"href":"https:\/\/2horizontes.com\/index.php?rest_route=\/wp\/v2\/media\/74724"}],"wp:attachment":[{"href":"https:\/\/2horizontes.com\/index.php?rest_route=%2Fwp%2Fv2%2Fmedia&parent=74723"}],"wp:term":[{"taxonomy":"category","embeddable":true,"href":"https:\/\/2horizontes.com\/index.php?rest_route=%2Fwp%2Fv2%2Fcategories&post=74723"},{"taxonomy":"post_tag","embeddable":true,"href":"https:\/\/2horizontes.com\/index.php?rest_route=%2Fwp%2Fv2%2Ftags&post=74723"}],"curies":[{"name":"wp","href":"https:\/\/api.w.org\/{rel}","templated":true}]}}