{"id":74710,"date":"2022-10-18T20:31:46","date_gmt":"2022-10-18T19:31:46","guid":{"rendered":"https:\/\/2horizontes.com\/?p=74710"},"modified":"2022-10-18T20:31:48","modified_gmt":"2022-10-18T19:31:48","slug":"el-ministerio-publico-rd-apela-la-excarcelacion-de-alexis-medina","status":"publish","type":"post","link":"https:\/\/2horizontes.com\/?p=74710","title":{"rendered":"El Ministerio P\u00fablico RD apela la excarcelaci\u00f3n de Alexis Medina"},"content":{"rendered":"\n<p><\/p>\n\n\n\n<p>SANTO DOMINGO.- 18 oct (EFE).- La Procuradur\u00eda Especializada de Persecuci\u00f3n de la Corrupci\u00f3n Administrativa (Pepca) apel\u00f3 la excarcelaci\u00f3n de Alexis Medina y otros imputados en el supuesto entramado de corrupci\u00f3n Antipulpo, se inform\u00f3 este martes.<\/p>\n\n\n\n<p>Medina, hermano del expresidente Danilo Medina, y los tambi\u00e9n imputados Fernando Rosa y Jos\u00e9 Dolores Santana fueron enviados a arresto domiciliario a finales de agosto tras dieciocho meses en la c\u00e1rcel de Najayo por el caso Antipulpo.<\/p>\n\n\n\n<p>Sin embargo, la fiscal Mirna Ortiz, coordinadora de Litigaci\u00f3n del Pepca, indic\u00f3 este martes que la medida fue apelada tras considerar que \u00abno es correcta conforme con la norma aplicable\u00bb.<\/p>\n\n\n\n<p><strong>EL PRINCIPAL ACUSADO<\/strong><\/p>\n\n\n\n<p>Alexis Medina es el principal imputado en este proceso que involucra a 27 personas f\u00edsicas y 21 compa\u00f1\u00edas mediante un extenso expediente por corrupci\u00f3n y lavado de activos de unas 3,500 p\u00e1ginas.<\/p>\n\n\n\n<p>De acuerdo con la Pepca, la presunta red encabezada por Medina logr\u00f3 sustraer 4,796 millones de pesos de los fondos p\u00fablicos.<\/p>\n\n\n\n<p>Entre los imputados tambi\u00e9n est\u00e1 Carmen Magalys Medina, que aprovech\u00f3 sus lazos familiares con el entonces presidente Danilo Medina y su posici\u00f3n de vicepresidenta del Fondo Patrimonial de las Empresas Reformadas (Fonper) para delinquir dentro del entramado de corrupci\u00f3n encabezado por su hermano Alexis, seg\u00fan la acusaci\u00f3n.<\/p>\n\n\n\n<p>Tambi\u00e9n est\u00e1n encausados el exresponsable de la Oficina de Ingenieros Supervisores de Obras del Estado (Oisoe) Francisco Pag\u00e1n, as\u00ed como el exministro de Salud Freddy Hidalgo y el antiguo contralor general de la Rep\u00fablica Rafael Antonio Germos\u00e9n, entre otros.EFE<\/p>\n\n\n\n<p>mf\/acm<\/p>\n\n\n\n<p><\/p>\n","protected":false},"excerpt":{"rendered":"<p>SANTO DOMINGO.- 18 oct (EFE).- La Procuradur\u00eda Especializada de Persecuci\u00f3n de la Corrupci\u00f3n Administrativa (Pepca) apel\u00f3 la excarcelaci\u00f3n de Alexis Medina y otros imputados en el supuesto entramado de corrupci\u00f3n Antipulpo, se inform\u00f3 este martes. Medina, hermano del expresidente Danilo Medina, y los tambi\u00e9n imputados Fernando Rosa y Jos\u00e9 Dolores Santana fueron enviados a arresto [&hellip;]<\/p>\n","protected":false},"author":1,"featured_media":74711,"comment_status":"open","ping_status":"open","sticky":false,"template":"","format":"standard","meta":{"footnotes":""},"categories":[43,44],"tags":[],"class_list":["post-74710","post","type-post","status-publish","format-standard","has-post-thumbnail","hentry","category-politica","category-republica-dominicana"],"_links":{"self":[{"href":"https:\/\/2horizontes.com\/index.php?rest_route=\/wp\/v2\/posts\/74710","targetHints":{"allow":["GET"]}}],"collection":[{"href":"https:\/\/2horizontes.com\/index.php?rest_route=\/wp\/v2\/posts"}],"about":[{"href":"https:\/\/2horizontes.com\/index.php?rest_route=\/wp\/v2\/types\/post"}],"author":[{"embeddable":true,"href":"https:\/\/2horizontes.com\/index.php?rest_route=\/wp\/v2\/users\/1"}],"replies":[{"embeddable":true,"href":"https:\/\/2horizontes.com\/index.php?rest_route=%2Fwp%2Fv2%2Fcomments&post=74710"}],"version-history":[{"count":1,"href":"https:\/\/2horizontes.com\/index.php?rest_route=\/wp\/v2\/posts\/74710\/revisions"}],"predecessor-version":[{"id":74712,"href":"https:\/\/2horizontes.com\/index.php?rest_route=\/wp\/v2\/posts\/74710\/revisions\/74712"}],"wp:featuredmedia":[{"embeddable":true,"href":"https:\/\/2horizontes.com\/index.php?rest_route=\/wp\/v2\/media\/74711"}],"wp:attachment":[{"href":"https:\/\/2horizontes.com\/index.php?rest_route=%2Fwp%2Fv2%2Fmedia&parent=74710"}],"wp:term":[{"taxonomy":"category","embeddable":true,"href":"https:\/\/2horizontes.com\/index.php?rest_route=%2Fwp%2Fv2%2Fcategories&post=74710"},{"taxonomy":"post_tag","embeddable":true,"href":"https:\/\/2horizontes.com\/index.php?rest_route=%2Fwp%2Fv2%2Ftags&post=74710"}],"curies":[{"name":"wp","href":"https:\/\/api.w.org\/{rel}","templated":true}]}}