{"id":74568,"date":"2022-09-19T22:53:57","date_gmt":"2022-09-19T21:53:57","guid":{"rendered":"http:\/\/2horizontes.com\/?p=74568"},"modified":"2022-09-19T22:53:58","modified_gmt":"2022-09-19T21:53:58","slug":"ojo-de-fiona-empieza-a-alejarse-pero-permanecen-las-precipitaciones","status":"publish","type":"post","link":"https:\/\/2horizontes.com\/?p=74568","title":{"rendered":"Ojo de Fiona empieza a alejarse, pero permanecen las precipitaciones"},"content":{"rendered":"\n<p>El ojo de Fiona que toc\u00f3 tierra\u00a0la madrugada de este lunes\u00a0en la Rep\u00fablica Dominicana, \u00a0acaba de pasar sobre la Pen\u00ednsula de Saman\u00e1 alej\u00e1ndose del pa\u00eds, sin embargo las precipitaciones persisten.<\/p>\n\n\n\n<p>De acuerdo al meteor\u00f3logo Jean Suriel, el campo nuboso que este sistema atmosf\u00e9rico estar\u00e1 provocando aguaceros.<\/p>\n\n\n\n<p>Ahora el ojo de Fiona se desplaza en aguas del oc\u00e9ano Atl\u00e1ntico, con trayectoria hacia el noroeste: est\u00e1 ubicado justo al norte de Las Terrenas.<\/p>\n\n\n\n<p>Este hurac\u00e1n dej\u00f3 a su paso casi 800 desplazados, inundaciones y derribo de \u00e1rboles y postes de tendido el\u00e9ctrico.<\/p>\n\n\n\n<p>Seg\u00fan un informe preliminar del\u00a0Centro de Operaciones de Emergencias\u00a0(COE), hay 789 personas desplazadas de sus hogares y 54 viviendas registran da\u00f1os, principalmente en el este y el noreste del pa\u00eds. Las zonas m\u00e1s afectadas por el fen\u00f3meno que se desplaza hoy por territorio dominicano, en su totalidad en alerta.<\/p>\n\n\n\n<p>Adem\u00e1s, m\u00e1s de 11.500 clientes no tienen energ\u00eda el\u00e9ctrica.<\/p>\n\n\n\n<p>Fiona, el primer hurac\u00e1n que entra en Rep\u00fablica Dominicana desde el potente Iv\u00e1n en 2004, sigue causando fuertes lluvias y vientos.<\/p>\n\n\n\n<p>Seg\u00fan las predicciones, las lluvias acumuladas oscilar\u00e1n entre los 100 y los 300 mil\u00edmetros, aunque pueden ser superiores en puntos aislados y llegar a cerca de 450 mil\u00edmetros.<\/p>\n\n\n\n<p>Ante esta situaci\u00f3n, se mantiene el aviso de&nbsp;inundaciones urbanas, crecidas de r\u00edos, arroyos y ca\u00f1adas, as\u00ed como&nbsp;deslizamientos&nbsp;de&nbsp;tierra&nbsp;en varias provincias del pa\u00eds.<\/p>\n","protected":false},"excerpt":{"rendered":"<p>El ojo de Fiona que toc\u00f3 tierra\u00a0la madrugada de este lunes\u00a0en la Rep\u00fablica Dominicana, \u00a0acaba de pasar sobre la Pen\u00ednsula de Saman\u00e1 alej\u00e1ndose del pa\u00eds, sin embargo las precipitaciones persisten. De acuerdo al meteor\u00f3logo Jean Suriel, el campo nuboso que este sistema atmosf\u00e9rico estar\u00e1 provocando aguaceros. Ahora el ojo de Fiona se desplaza en aguas [&hellip;]<\/p>\n","protected":false},"author":1,"featured_media":74569,"comment_status":"open","ping_status":"open","sticky":false,"template":"","format":"standard","meta":{"footnotes":""},"categories":[83,44],"tags":[],"class_list":["post-74568","post","type-post","status-publish","format-standard","has-post-thumbnail","hentry","category-reportajes","category-republica-dominicana"],"_links":{"self":[{"href":"https:\/\/2horizontes.com\/index.php?rest_route=\/wp\/v2\/posts\/74568","targetHints":{"allow":["GET"]}}],"collection":[{"href":"https:\/\/2horizontes.com\/index.php?rest_route=\/wp\/v2\/posts"}],"about":[{"href":"https:\/\/2horizontes.com\/index.php?rest_route=\/wp\/v2\/types\/post"}],"author":[{"embeddable":true,"href":"https:\/\/2horizontes.com\/index.php?rest_route=\/wp\/v2\/users\/1"}],"replies":[{"embeddable":true,"href":"https:\/\/2horizontes.com\/index.php?rest_route=%2Fwp%2Fv2%2Fcomments&post=74568"}],"version-history":[{"count":1,"href":"https:\/\/2horizontes.com\/index.php?rest_route=\/wp\/v2\/posts\/74568\/revisions"}],"predecessor-version":[{"id":74570,"href":"https:\/\/2horizontes.com\/index.php?rest_route=\/wp\/v2\/posts\/74568\/revisions\/74570"}],"wp:featuredmedia":[{"embeddable":true,"href":"https:\/\/2horizontes.com\/index.php?rest_route=\/wp\/v2\/media\/74569"}],"wp:attachment":[{"href":"https:\/\/2horizontes.com\/index.php?rest_route=%2Fwp%2Fv2%2Fmedia&parent=74568"}],"wp:term":[{"taxonomy":"category","embeddable":true,"href":"https:\/\/2horizontes.com\/index.php?rest_route=%2Fwp%2Fv2%2Fcategories&post=74568"},{"taxonomy":"post_tag","embeddable":true,"href":"https:\/\/2horizontes.com\/index.php?rest_route=%2Fwp%2Fv2%2Ftags&post=74568"}],"curies":[{"name":"wp","href":"https:\/\/api.w.org\/{rel}","templated":true}]}}