{"id":74526,"date":"2022-08-30T18:34:46","date_gmt":"2022-08-30T17:34:46","guid":{"rendered":"http:\/\/2horizontes.com\/?p=74526"},"modified":"2022-08-30T18:34:47","modified_gmt":"2022-08-30T17:34:47","slug":"chile-desconocidos-asesinan-dominicano-de-ocho-balazos","status":"publish","type":"post","link":"https:\/\/2horizontes.com\/?p=74526","title":{"rendered":"CHILE: Desconocidos asesinan dominicano de ocho balazos"},"content":{"rendered":"\n<p>SANTIAGO, Chile.- Un dominicano falleci\u00f3 la noche de este lunes luego de ser encontrado malherido por Carabineros en la comuna de Santiago.<\/p>\n\n\n\n<p>Cerca de las 23:00 horas, personal policial patrullaba por calle Sazie cuando al llegar a la intersecci\u00f3n con Manuel Rodr\u00edguez se percat\u00f3 de que hab\u00eda un hombre tirado en el asfalto, el cual se encontraba lesionado por impactos de bala.<\/p>\n\n\n\n<p>El herido, de nacionalidad dominicana, fue abordado por un grupo de dos a tres individuos.<\/p>\n\n\n\n<p>Los antisociales percutaron al menos ocho disparos en su contra, raz\u00f3n por la cual fue trasladado por personal del SAMU hasta la Posta Central, donde posteriormente falleci\u00f3 debido a la gravedad de sus lesiones.<\/p>\n\n\n\n<p>Personal de la Polic\u00eda de Investigaciones indaga en el lugar para determinar lo sucedido. Por su parte, el subcomisario Marcel S\u00e1nchez, de la Brigada de Homicidios de la PDI, indic\u00f3 que \u00abnos trasladamos hasta la Posta Central donde constatamos la muerte de una persona dominicana\u00bb.<\/p>\n\n\n\n<p>Asimismo, se trabaja para esclarecer las presuntas motivaciones que habr\u00edan tenido los atacantes.\u00a1Comparte esta noticia!<\/p>\n\n\n\n<p><\/p>\n","protected":false},"excerpt":{"rendered":"<p>SANTIAGO, Chile.- Un dominicano falleci\u00f3 la noche de este lunes luego de ser encontrado malherido por Carabineros en la comuna de Santiago. Cerca de las 23:00 horas, personal policial patrullaba por calle Sazie cuando al llegar a la intersecci\u00f3n con Manuel Rodr\u00edguez se percat\u00f3 de que hab\u00eda un hombre tirado en el asfalto, el cual [&hellip;]<\/p>\n","protected":false},"author":1,"featured_media":74527,"comment_status":"open","ping_status":"open","sticky":false,"template":"","format":"standard","meta":{"footnotes":""},"categories":[40],"tags":[],"class_list":["post-74526","post","type-post","status-publish","format-standard","has-post-thumbnail","hentry","category-internacionales"],"_links":{"self":[{"href":"https:\/\/2horizontes.com\/index.php?rest_route=\/wp\/v2\/posts\/74526","targetHints":{"allow":["GET"]}}],"collection":[{"href":"https:\/\/2horizontes.com\/index.php?rest_route=\/wp\/v2\/posts"}],"about":[{"href":"https:\/\/2horizontes.com\/index.php?rest_route=\/wp\/v2\/types\/post"}],"author":[{"embeddable":true,"href":"https:\/\/2horizontes.com\/index.php?rest_route=\/wp\/v2\/users\/1"}],"replies":[{"embeddable":true,"href":"https:\/\/2horizontes.com\/index.php?rest_route=%2Fwp%2Fv2%2Fcomments&post=74526"}],"version-history":[{"count":1,"href":"https:\/\/2horizontes.com\/index.php?rest_route=\/wp\/v2\/posts\/74526\/revisions"}],"predecessor-version":[{"id":74528,"href":"https:\/\/2horizontes.com\/index.php?rest_route=\/wp\/v2\/posts\/74526\/revisions\/74528"}],"wp:featuredmedia":[{"embeddable":true,"href":"https:\/\/2horizontes.com\/index.php?rest_route=\/wp\/v2\/media\/74527"}],"wp:attachment":[{"href":"https:\/\/2horizontes.com\/index.php?rest_route=%2Fwp%2Fv2%2Fmedia&parent=74526"}],"wp:term":[{"taxonomy":"category","embeddable":true,"href":"https:\/\/2horizontes.com\/index.php?rest_route=%2Fwp%2Fv2%2Fcategories&post=74526"},{"taxonomy":"post_tag","embeddable":true,"href":"https:\/\/2horizontes.com\/index.php?rest_route=%2Fwp%2Fv2%2Ftags&post=74526"}],"curies":[{"name":"wp","href":"https:\/\/api.w.org\/{rel}","templated":true}]}}