{"id":74505,"date":"2022-08-30T17:39:24","date_gmt":"2022-08-30T16:39:24","guid":{"rendered":"http:\/\/2horizontes.com\/?p=74505"},"modified":"2022-08-30T17:39:26","modified_gmt":"2022-08-30T16:39:26","slug":"cuatro-reclusos-se-escapan-en-moca-y-en-la-persecucion-policias-matan-a-un-presunto-vendedor-de-droga","status":"publish","type":"post","link":"https:\/\/2horizontes.com\/?p=74505","title":{"rendered":"Cuatro reclusos se escapan en Moca y en la persecuci\u00f3n polic\u00edas matan a un presunto vendedor de droga"},"content":{"rendered":"\n<p>Dos fueron capturados y otros dos siguen pr\u00f3fugos<\/p>\n\n\n\n<p>Cuatro reclusos preventivos se escaparon la madrugada de este martes del destacamento policial de Moca, provincia Espaillat, y en la persecuci\u00f3n se habr\u00eda producido un enfrentamiento con la Polic\u00eda, donde&nbsp;<strong>un joven de 20 a\u00f1os result\u00f3 muerto<\/strong>.<\/p>\n\n\n\n<p>La procuradora fiscal de Moca,<strong>&nbsp;Anatanay Fr\u00edas,<\/strong>explic\u00f3 que dos de los preventivos fueron capturados y siguen pr\u00f3fugos dos, identificados como Jorge&nbsp;<strong>Luis B\u00e1ez P\u00e9rez<\/strong>&nbsp;(Chindola) &nbsp;y&nbsp;<strong>Rigoberto Abreu Ure\u00f1a<\/strong>&nbsp;( el menor). El primero hab\u00eda herido de tres disparos a un hombre en el barrio Villa Bartola de esa ciudad.<\/p>\n\n\n\n<p>En la persecuci\u00f3n, seg\u00fan dijo la magistrada, fue impactado de un disparo&nbsp;<strong>Jordely Castillo del Billar, de 20 a\u00f1os<\/strong>, se\u00f1alado como un presunto vendedor de sustancias prohibidas. Le habr\u00edan ocupado un arma de fuego, droga y otros art\u00edculos.<\/p>\n\n\n\n<p>&nbsp; La fiscal dijo que la situaci\u00f3n es compleja, ya que de la persecuci\u00f3n se gener\u00f3 &nbsp;la muerte de Castillo del Billar, en un enfrentamiento con la polic\u00eda en el barrio La Espa\u00f1ola.<\/p>\n\n\n\n<p><\/p>\n","protected":false},"excerpt":{"rendered":"<p>Dos fueron capturados y otros dos siguen pr\u00f3fugos Cuatro reclusos preventivos se escaparon la madrugada de este martes del destacamento policial de Moca, provincia Espaillat, y en la persecuci\u00f3n se habr\u00eda producido un enfrentamiento con la Polic\u00eda, donde&nbsp;un joven de 20 a\u00f1os result\u00f3 muerto. La procuradora fiscal de Moca,&nbsp;Anatanay Fr\u00edas,explic\u00f3 que dos de los preventivos [&hellip;]<\/p>\n","protected":false},"author":1,"featured_media":74506,"comment_status":"open","ping_status":"open","sticky":false,"template":"","format":"standard","meta":{"footnotes":""},"categories":[53,44],"tags":[],"class_list":["post-74505","post","type-post","status-publish","format-standard","has-post-thumbnail","hentry","category-provincias","category-republica-dominicana"],"_links":{"self":[{"href":"https:\/\/2horizontes.com\/index.php?rest_route=\/wp\/v2\/posts\/74505","targetHints":{"allow":["GET"]}}],"collection":[{"href":"https:\/\/2horizontes.com\/index.php?rest_route=\/wp\/v2\/posts"}],"about":[{"href":"https:\/\/2horizontes.com\/index.php?rest_route=\/wp\/v2\/types\/post"}],"author":[{"embeddable":true,"href":"https:\/\/2horizontes.com\/index.php?rest_route=\/wp\/v2\/users\/1"}],"replies":[{"embeddable":true,"href":"https:\/\/2horizontes.com\/index.php?rest_route=%2Fwp%2Fv2%2Fcomments&post=74505"}],"version-history":[{"count":1,"href":"https:\/\/2horizontes.com\/index.php?rest_route=\/wp\/v2\/posts\/74505\/revisions"}],"predecessor-version":[{"id":74507,"href":"https:\/\/2horizontes.com\/index.php?rest_route=\/wp\/v2\/posts\/74505\/revisions\/74507"}],"wp:featuredmedia":[{"embeddable":true,"href":"https:\/\/2horizontes.com\/index.php?rest_route=\/wp\/v2\/media\/74506"}],"wp:attachment":[{"href":"https:\/\/2horizontes.com\/index.php?rest_route=%2Fwp%2Fv2%2Fmedia&parent=74505"}],"wp:term":[{"taxonomy":"category","embeddable":true,"href":"https:\/\/2horizontes.com\/index.php?rest_route=%2Fwp%2Fv2%2Fcategories&post=74505"},{"taxonomy":"post_tag","embeddable":true,"href":"https:\/\/2horizontes.com\/index.php?rest_route=%2Fwp%2Fv2%2Ftags&post=74505"}],"curies":[{"name":"wp","href":"https:\/\/api.w.org\/{rel}","templated":true}]}}