{"id":74487,"date":"2022-08-02T20:50:09","date_gmt":"2022-08-02T19:50:09","guid":{"rendered":"http:\/\/2horizontes.com\/?p=74487"},"modified":"2022-08-02T20:50:10","modified_gmt":"2022-08-02T19:50:10","slug":"tribunal-impone-prision-preventiva-contra-mujer-acusada-de-matar-a-su-hija-de-nueve-anos-en-villa-francisca","status":"publish","type":"post","link":"https:\/\/2horizontes.com\/?p=74487","title":{"rendered":"Tribunal impone prisi\u00f3n preventiva contra mujer acusada de matar a su hija de nueve a\u00f1os en Villa Francisca"},"content":{"rendered":"\n<p>La jueza del&nbsp;<strong>juzgado de Atenci\u00f3n Permanente&nbsp;<\/strong>del Distrito Nacional,<strong>&nbsp;impuso tres meses de prisi\u00f3n preventiva<\/strong>&nbsp;en contra de una&nbsp;<strong>mujer con alegados trastornos mentales que presuntamente mat\u00f3 a su hija<\/strong>, de nueve a\u00f1os y habr\u00eda intentado ultimar a otra de siete, hecho ocurrido en el sector de Villa Francisca, de esta capital.<\/p>\n\n\n\n<p>La magistrada Kenya Romero, dispuso que la imputada Diana Carolina Senci\u00f3n Ram\u00edrez, de 34 a\u00f1os, cumpla la prisi\u00f3n en la c\u00e1rcel de Najayo.<\/p>\n\n\n\n<p>El tribunal tom\u00f3 la decisi\u00f3n\u00a0<strong>al acoger una solicitud de medida de coerci\u00f3n<\/strong>\u00a0de\u00a0 la Fiscal\u00eda del Distrito Nacional, que la acusa de\u00a0<strong>quitarle la vida a su hija Carolin Senci\u00f3n, en la habitaci\u00f3n que compart\u00eda con \u00e9sta y su otra hija<\/strong>, ubicada en un callej\u00f3n en cercan\u00edas de la intersecci\u00f3n de las calles Barahona y Juana Saltitopa.<\/p>\n\n\n\n<p>La imputada rehus\u00f3 hablar a la salida del tribunal mientras era conducida a la c\u00e1rcel preventiva del Palacio de Justicia de Ciudad Nueva.<\/p>\n\n\n\n<p>Conforme a la pesquisa llevada a cabo por el ministerio p\u00fablico,\u00a0<strong>los vecinos se percataron de lo sucedido<\/strong>\u00a0en horas de la ma\u00f1ana al no ver salir a la mujer ni a las ni\u00f1as, por lo que procedieron a llamarlas varias veces.<\/p>\n\n\n\n<p>Ante la insistencia,&nbsp;<strong>Diana Carolina abri\u00f3 la puerta y lograron ver a la ni\u00f1a sin vida<\/strong>. Fue la otra menor la que relat\u00f3 que \u00e9sta la hab\u00eda tomado por el cuello y la sujet\u00f3 hasta que no se mov\u00eda.<\/p>\n\n\n\n<p>Se\u00f1ala la\u00a0 sobreviviente que<strong>\u00a0la mujer hab\u00eda<\/strong><a href=\"https:\/\/listindiario.com\/la-republica\/2022\/07\/28\/732057\/detienen-mujer-acusada-de-ahorcar-a-su-hija-de-10-anos-en-el-sector-de-villa-francisca\"><strong> <\/strong><\/a><strong>intentado atraparla a ella<\/strong><a href=\"https:\/\/listindiario.com\/la-republica\/2022\/07\/28\/732057\/detienen-mujer-acusada-de-ahorcar-a-su-hija-de-10-anos-en-el-sector-de-villa-francisca\"><strong> <\/strong><\/a><strong>tambi\u00e9n<\/strong>, pero que se refugi\u00f3 debajo de la cama y permaneci\u00f3 all\u00ed para no ser atrapada.<\/p>\n\n\n\n<p>Seg\u00fan familiares de la acusada est\u00e1 desde hace a\u00f1os ha presentado ciertos problemas mentales por los que ha sido tratada anteriormente y ocasionalmente hace crisis que implican que haya que medicarla y que una de esas crisis ocurri\u00f3 precisamente el mi\u00e9rcoles en la tarde y que amerita ser medicada en un centro de salud.<\/p>\n\n\n\n<p><\/p>\n","protected":false},"excerpt":{"rendered":"<p>La jueza del&nbsp;juzgado de Atenci\u00f3n Permanente&nbsp;del Distrito Nacional,&nbsp;impuso tres meses de prisi\u00f3n preventiva&nbsp;en contra de una&nbsp;mujer con alegados trastornos mentales que presuntamente mat\u00f3 a su hija, de nueve a\u00f1os y habr\u00eda intentado ultimar a otra de siete, hecho ocurrido en el sector de Villa Francisca, de esta capital. La magistrada Kenya Romero, dispuso que la [&hellip;]<\/p>\n","protected":false},"author":1,"featured_media":74488,"comment_status":"open","ping_status":"open","sticky":false,"template":"","format":"standard","meta":{"footnotes":""},"categories":[44],"tags":[],"class_list":["post-74487","post","type-post","status-publish","format-standard","has-post-thumbnail","hentry","category-republica-dominicana"],"_links":{"self":[{"href":"https:\/\/2horizontes.com\/index.php?rest_route=\/wp\/v2\/posts\/74487","targetHints":{"allow":["GET"]}}],"collection":[{"href":"https:\/\/2horizontes.com\/index.php?rest_route=\/wp\/v2\/posts"}],"about":[{"href":"https:\/\/2horizontes.com\/index.php?rest_route=\/wp\/v2\/types\/post"}],"author":[{"embeddable":true,"href":"https:\/\/2horizontes.com\/index.php?rest_route=\/wp\/v2\/users\/1"}],"replies":[{"embeddable":true,"href":"https:\/\/2horizontes.com\/index.php?rest_route=%2Fwp%2Fv2%2Fcomments&post=74487"}],"version-history":[{"count":1,"href":"https:\/\/2horizontes.com\/index.php?rest_route=\/wp\/v2\/posts\/74487\/revisions"}],"predecessor-version":[{"id":74489,"href":"https:\/\/2horizontes.com\/index.php?rest_route=\/wp\/v2\/posts\/74487\/revisions\/74489"}],"wp:featuredmedia":[{"embeddable":true,"href":"https:\/\/2horizontes.com\/index.php?rest_route=\/wp\/v2\/media\/74488"}],"wp:attachment":[{"href":"https:\/\/2horizontes.com\/index.php?rest_route=%2Fwp%2Fv2%2Fmedia&parent=74487"}],"wp:term":[{"taxonomy":"category","embeddable":true,"href":"https:\/\/2horizontes.com\/index.php?rest_route=%2Fwp%2Fv2%2Fcategories&post=74487"},{"taxonomy":"post_tag","embeddable":true,"href":"https:\/\/2horizontes.com\/index.php?rest_route=%2Fwp%2Fv2%2Ftags&post=74487"}],"curies":[{"name":"wp","href":"https:\/\/api.w.org\/{rel}","templated":true}]}}