{"id":74480,"date":"2022-08-02T19:29:40","date_gmt":"2022-08-02T18:29:40","guid":{"rendered":"http:\/\/2horizontes.com\/?p=74480"},"modified":"2022-08-02T19:29:41","modified_gmt":"2022-08-02T18:29:41","slug":"codopsi-celebra-primer-panel-salud-mental-asunto-de-todos","status":"publish","type":"post","link":"https:\/\/2horizontes.com\/?p=74480","title":{"rendered":"CODOPSI celebra Primer Panel Salud Mental Asunto de Todos."},"content":{"rendered":"\n<p>Los panelistas fueron el presidente del CODOPSI, Hanoi Vargas, el Dr. Chestaro Bret\u00f3n, Presidente Sociedad Dominicana de Psiquiatr\u00eda y la Dra. Erika S\u00e1nchez, Encargada de Revisi\u00f3n de planes de salud de la SISALRIL. Moderado por la Dra. Luz Rosa Estrella, Sec. Divulgaci\u00f3n Cient\u00edfica del CODOPSI. El panel vers\u00f3 sobre la realidad que experimentan los psic\u00f3logos al momento de ofrecer sus servicios profesionales y el apoyo a nivel de cobertura de seguridad social. En conclusi\u00f3n, el CODOPSI llama a todos los psic\u00f3logos del pa\u00eds se hace necesario que todos los miembros del Colegio nos unamos a una sola voz, a dar pasos concretos y estrat\u00e9gicos, y estar atentos a los llamados y convocatorias de su Colegio. <\/p>\n\n\n\n<p>Desde ese escenario, el CODOPSI se compromete apoyar a los psic\u00f3logos que tienen o aspiran con sus iniciativas de consultorios, centros, institutos o cl\u00ednicas, en materia de personer\u00eda jur\u00eddica, en la disminuci\u00f3n de costes en los procedimientos por ser un buen n\u00famero de casos. <\/p>\n\n\n\n<p>Adem\u00e1s, colaboraci\u00f3n en el proceso de habilitaci\u00f3n con Salud P\u00fablica. Acompa\u00f1amiento con jornadas de capacitaci\u00f3n, instrucci\u00f3n y entrenamiento para lograr con m\u00e1s agilidad el cumplimiento de los requisitos de calificaci\u00f3n para el primer nivel, tambi\u00e9n en la conquista de la cobertura con planes seguridad social.El panel se desarroll\u00f3 en la Universidad UFHEC en Santo Domingo, el veintitr\u00e9s de julio del dos mil veintid\u00f3s.<\/p>\n\n\n\n<p><\/p>\n","protected":false},"excerpt":{"rendered":"<p>Los panelistas fueron el presidente del CODOPSI, Hanoi Vargas, el Dr. Chestaro Bret\u00f3n, Presidente Sociedad Dominicana de Psiquiatr\u00eda y la Dra. Erika S\u00e1nchez, Encargada de Revisi\u00f3n de planes de salud de la SISALRIL. Moderado por la Dra. Luz Rosa Estrella, Sec. Divulgaci\u00f3n Cient\u00edfica del CODOPSI. El panel vers\u00f3 sobre la realidad que experimentan los psic\u00f3logos [&hellip;]<\/p>\n","protected":false},"author":1,"featured_media":74481,"comment_status":"open","ping_status":"open","sticky":false,"template":"","format":"standard","meta":{"footnotes":""},"categories":[44,45],"tags":[],"class_list":["post-74480","post","type-post","status-publish","format-standard","has-post-thumbnail","hentry","category-republica-dominicana","category-salud"],"_links":{"self":[{"href":"https:\/\/2horizontes.com\/index.php?rest_route=\/wp\/v2\/posts\/74480","targetHints":{"allow":["GET"]}}],"collection":[{"href":"https:\/\/2horizontes.com\/index.php?rest_route=\/wp\/v2\/posts"}],"about":[{"href":"https:\/\/2horizontes.com\/index.php?rest_route=\/wp\/v2\/types\/post"}],"author":[{"embeddable":true,"href":"https:\/\/2horizontes.com\/index.php?rest_route=\/wp\/v2\/users\/1"}],"replies":[{"embeddable":true,"href":"https:\/\/2horizontes.com\/index.php?rest_route=%2Fwp%2Fv2%2Fcomments&post=74480"}],"version-history":[{"count":1,"href":"https:\/\/2horizontes.com\/index.php?rest_route=\/wp\/v2\/posts\/74480\/revisions"}],"predecessor-version":[{"id":74482,"href":"https:\/\/2horizontes.com\/index.php?rest_route=\/wp\/v2\/posts\/74480\/revisions\/74482"}],"wp:featuredmedia":[{"embeddable":true,"href":"https:\/\/2horizontes.com\/index.php?rest_route=\/wp\/v2\/media\/74481"}],"wp:attachment":[{"href":"https:\/\/2horizontes.com\/index.php?rest_route=%2Fwp%2Fv2%2Fmedia&parent=74480"}],"wp:term":[{"taxonomy":"category","embeddable":true,"href":"https:\/\/2horizontes.com\/index.php?rest_route=%2Fwp%2Fv2%2Fcategories&post=74480"},{"taxonomy":"post_tag","embeddable":true,"href":"https:\/\/2horizontes.com\/index.php?rest_route=%2Fwp%2Fv2%2Ftags&post=74480"}],"curies":[{"name":"wp","href":"https:\/\/api.w.org\/{rel}","templated":true}]}}