{"id":74477,"date":"2022-07-28T19:13:21","date_gmt":"2022-07-28T18:13:21","guid":{"rendered":"http:\/\/2horizontes.com\/?p=74477"},"modified":"2022-07-28T19:13:22","modified_gmt":"2022-07-28T18:13:22","slug":"r-dominicana-y-colombia-acuerdan-la-conservacion-de-area-oceanica","status":"publish","type":"post","link":"https:\/\/2horizontes.com\/?p=74477","title":{"rendered":"R.Dominicana y Colombia acuerdan la conservaci\u00f3n de \u00e1rea oce\u00e1nica"},"content":{"rendered":"\n<p>SANTO DOMINGO.- Los presidentes Luis Abinader, de Rep\u00fablica Dominicana, e Iv\u00e1n Duque, de Colombia, firmaron este martes una declaraci\u00f3n conjunta que crea un \u00e1rea oce\u00e1nica protegida para la conservaci\u00f3n de la cordillera submarina conocida como Cresta de Beata en el mar Caribe.<\/p>\n\n\n\n<p>Esto convierte al pa\u00eds en un \u00abmodelo\u00bb para la regi\u00f3n del Caribe, al ser la primera naci\u00f3n que se acerca a cumplir con la Iniciativa Global 30\u00d730, mucho antes del 2030, dijo un comunicado servido por el Palacio Nacional.<\/p>\n\n\n\n<p>Esta \u00e1rea ser\u00e1 llamada Santuario Marino Orlando Jorge Mera, en honor al fallecido ministro de Medio Ambiente, quien desde hace meses trabajaba con este proyecto de conservaci\u00f3n.<\/p>\n\n\n\n<p>Los corredores ecol\u00f3gicos son \u00e1reas que tienen la funci\u00f3n espec\u00edfica de conectar espacios de gran importancia ecosist\u00e9mica, para permitir el movimiento de las especies que las habitan, de manera que sus poblaciones no queden aisladas y se permita un intercambio gen\u00e9tico y energ\u00e9tico.<\/p>\n\n\n\n<p>La firma de declaraci\u00f3n conjunta entre los dos gobiernos se realiz\u00f3 de manera virtual, estando el presidente Luis Abinader junto al ministro de Medio Ambiente de Rep\u00fablica Dominicana, Miguel Ceara Hatton, y el presidente Duque acompa\u00f1ado del ministro de Ambiente y Desarrollo Sostenible de la Rep\u00fablica de Colombia, Carlos Eduardo Correa desde el pa\u00eds sudamericano.<\/p>\n\n\n\n<p>Abinader manifest\u00f3 que la idea de proteger \u00abmasivamente\u00bb \u00e1reas del planeta se consolid\u00f3 en las Metas de AICHI en 2010, durante la reuni\u00f3n de las partes del Convenio de Diversidad Biol\u00f3gica.<\/p>\n\n\n\n<p>Argument\u00f3 que Rep\u00fablica Dominicana est\u00e1 generando las condiciones habilitantes para la declaratoria definitiva, incluyendo, la evaluaci\u00f3n de las dimensiones biof\u00edsicas, paisaj\u00edsticas, socioecon\u00f3micas y culturales, para lo cual ha realizado alianzas estrat\u00e9gicas con la cooperaci\u00f3n internacional.<\/p>\n\n\n\n<p>A nivel global y bajo el nuevo marco sobre la biodiversidad y del Acuerdo de Par\u00eds \u2013dijo el mandatario- el pa\u00eds, asumi\u00f3 como compromiso la iniciativa \u00abMeta Global 30 x 30\u00bb, la que explic\u00f3 es una meta estrategia para el sostenimiento de la vida de todas las especies e incluye proteger el 30 por ciento de los oc\u00e9anos del mundo para 2030.<\/p>\n\n\n\n<p>\u00abActualmente, la Rep\u00fablica Dominicana cuenta con aproximadamente el 11 % de sus espacios mar\u00edtimos bajo protecci\u00f3n. Con esta decisi\u00f3n, duplicamos el \u00e1rea de nuestros mares territoriales que son espacios marinos protegidos, sumando 49,000 kil\u00f3metros cuadrados a los ya existentes, una extensi\u00f3n similar al territorio completo de la Rep\u00fablica Dominicana\u201d, dijo el mandatario.<\/p>\n\n\n\n<p>De su lado, el presidente Duque al pronunciar un breve discurso consider\u00f3 que el presidente Abinader es un gobernante \u00abcon gran sensibilidad\u00bb por el tema ambiental.<\/p>\n\n\n\n<p>Inform\u00f3 que la firma de este acuerdo, en parte, fue por el liderazgo del presidente Abinader, ya que esto permiti\u00f3, que se sentaran a trabajar sobre lo que ser\u00eda un corredor binacional de \u00e1rea protegida.<\/p>\n\n\n\n<p>\u00abEsta Cordillera de Beata, es una cordillera submarina que posee miles y miles de especies. Hoy nos permite decir que la estamos elevando a una condici\u00f3n internacional sin precedentes en cuanto a acuerdos bilaterales\u201d, expres\u00f3 Duque, de acuerdo al comunicado.\u00a1Comparte esta noticia!<\/p>\n\n\n\n<p><\/p>\n","protected":false},"excerpt":{"rendered":"<p>SANTO DOMINGO.- Los presidentes Luis Abinader, de Rep\u00fablica Dominicana, e Iv\u00e1n Duque, de Colombia, firmaron este martes una declaraci\u00f3n conjunta que crea un \u00e1rea oce\u00e1nica protegida para la conservaci\u00f3n de la cordillera submarina conocida como Cresta de Beata en el mar Caribe. Esto convierte al pa\u00eds en un \u00abmodelo\u00bb para la regi\u00f3n del Caribe, al [&hellip;]<\/p>\n","protected":false},"author":1,"featured_media":74478,"comment_status":"open","ping_status":"open","sticky":false,"template":"","format":"standard","meta":{"footnotes":""},"categories":[50,43,44],"tags":[],"class_list":["post-74477","post","type-post","status-publish","format-standard","has-post-thumbnail","hentry","category-colombia","category-politica","category-republica-dominicana"],"_links":{"self":[{"href":"https:\/\/2horizontes.com\/index.php?rest_route=\/wp\/v2\/posts\/74477","targetHints":{"allow":["GET"]}}],"collection":[{"href":"https:\/\/2horizontes.com\/index.php?rest_route=\/wp\/v2\/posts"}],"about":[{"href":"https:\/\/2horizontes.com\/index.php?rest_route=\/wp\/v2\/types\/post"}],"author":[{"embeddable":true,"href":"https:\/\/2horizontes.com\/index.php?rest_route=\/wp\/v2\/users\/1"}],"replies":[{"embeddable":true,"href":"https:\/\/2horizontes.com\/index.php?rest_route=%2Fwp%2Fv2%2Fcomments&post=74477"}],"version-history":[{"count":1,"href":"https:\/\/2horizontes.com\/index.php?rest_route=\/wp\/v2\/posts\/74477\/revisions"}],"predecessor-version":[{"id":74479,"href":"https:\/\/2horizontes.com\/index.php?rest_route=\/wp\/v2\/posts\/74477\/revisions\/74479"}],"wp:featuredmedia":[{"embeddable":true,"href":"https:\/\/2horizontes.com\/index.php?rest_route=\/wp\/v2\/media\/74478"}],"wp:attachment":[{"href":"https:\/\/2horizontes.com\/index.php?rest_route=%2Fwp%2Fv2%2Fmedia&parent=74477"}],"wp:term":[{"taxonomy":"category","embeddable":true,"href":"https:\/\/2horizontes.com\/index.php?rest_route=%2Fwp%2Fv2%2Fcategories&post=74477"},{"taxonomy":"post_tag","embeddable":true,"href":"https:\/\/2horizontes.com\/index.php?rest_route=%2Fwp%2Fv2%2Ftags&post=74477"}],"curies":[{"name":"wp","href":"https:\/\/api.w.org\/{rel}","templated":true}]}}