{"id":74474,"date":"2022-07-28T19:09:18","date_gmt":"2022-07-28T18:09:18","guid":{"rendered":"http:\/\/2horizontes.com\/?p=74474"},"modified":"2022-07-28T19:09:19","modified_gmt":"2022-07-28T18:09:19","slug":"dominicanos-celebran-el-14-de-agosto-su-tradicional-desfile-en-nueva-york","status":"publish","type":"post","link":"https:\/\/2horizontes.com\/?p=74474","title":{"rendered":"Dominicanos celebran el 14 de agosto su tradicional desfile en Nueva York"},"content":{"rendered":"\n<p>NUEVA YORK.- La comunidad dominicana en Nueva York celebrar\u00e1 el pr\u00f3ximo 14 de agosto su tradicional desfile, que este a\u00f1o cumple su 40 aniversario.<\/p>\n\n\n\n<p>Los dominicanos, que han logrado importantes avances en la pol\u00edtica, donde ya cuentan con un representante en el Congreso de Estados Unidos, y que cuentan con una importante presencia en negocios como supermercados, restaurantes, bodegas o compa\u00f1\u00edas de taxis, tomar\u00e1n nuevamente la Sexta Avenida de Nueva York para celebrar su cultura y presencia en este pa\u00eds.<\/p>\n\n\n\n<p>Con este multitudinario evento, que se celebra desde 1982, conmemoran el aniversario del principio de la batalla de la independencia de Espa\u00f1a, en 1863.<\/p>\n\n\n\n<p>El 14 de agosto la Sexta Avenida se llenar\u00e1 con los ritmos folcl\u00f3ricos del pa\u00eds; de merengue y bachata, de las carrozas y personajes de los carnavales como los \u00abdiablos cojuelos\u00bb o \u00abroba gallina\u00bb as\u00ed como de cientos de banderas en un desfile que se centrar\u00e1 en destacar la educaci\u00f3n entre los dominicanos y el trabajo de sus profesionales.<\/p>\n\n\n\n<p>Como cada a\u00f1o, la comunidad rendir\u00e1 tributo a compatriotas que se han destacado en diversas \u00e1reas y entre ellos figuran el \u00abmariscal del desfile\u00bb, cargo que este a\u00f1o recay\u00f3 en el comisionado de transporte de esta ciudad, Ydanis Rodr\u00edguez, mientras que la embajadora de Equidad e Inclusi\u00f3n ser\u00e1 Wendy Garc\u00eda, la dominico-americana de m\u00e1s alto rango en el Departamento de Polic\u00eda de Nueva York.<\/p>\n\n\n\n<p>Entre los que ser\u00e1n reconocidos por su comunidad figuran adem\u00e1s el comediante Ruperto Vanderpool como el \u00abCacique de la Alegr\u00eda\u00bb y el famoso Conjunto Quisqueya con el premio a la trayectoria por sus 50 a\u00f1os de promover el merengue.<\/p>\n\n\n\n<p>El espa\u00f1ol Jomari Goyso, conocido por su participaci\u00f3n en el programa de televisi\u00f3n de Univisi\u00f3n \u00abDespierta Am\u00e9rica\u00bb, ser\u00e1 invitado de honor del desfile, que contar\u00e1 adem\u00e1s con el destacado cantante dominicano Rubby P\u00e9rez.<\/p>\n\n\n\n<p>\u00abEl diverso grupo de homenajeados de este a\u00f1o demuestra el impacto y el legado que los dominicanos est\u00e1n dejando en cada \u00e1rea de nuestra sociedad\u00bb, indic\u00f3 en un comunicado Cristina Contreras, presidenta de la junta directiva del desfile.\u00a1Comparte esta noticia!<\/p>\n","protected":false},"excerpt":{"rendered":"<p>NUEVA YORK.- La comunidad dominicana en Nueva York celebrar\u00e1 el pr\u00f3ximo 14 de agosto su tradicional desfile, que este a\u00f1o cumple su 40 aniversario. Los dominicanos, que han logrado importantes avances en la pol\u00edtica, donde ya cuentan con un representante en el Congreso de Estados Unidos, y que cuentan con una importante presencia en negocios [&hellip;]<\/p>\n","protected":false},"author":1,"featured_media":74475,"comment_status":"open","ping_status":"open","sticky":false,"template":"","format":"standard","meta":{"footnotes":""},"categories":[62,1,40,44],"tags":[],"class_list":["post-74474","post","type-post","status-publish","format-standard","has-post-thumbnail","hentry","category-cultura","category-entretenimiento","category-internacionales","category-republica-dominicana"],"_links":{"self":[{"href":"https:\/\/2horizontes.com\/index.php?rest_route=\/wp\/v2\/posts\/74474","targetHints":{"allow":["GET"]}}],"collection":[{"href":"https:\/\/2horizontes.com\/index.php?rest_route=\/wp\/v2\/posts"}],"about":[{"href":"https:\/\/2horizontes.com\/index.php?rest_route=\/wp\/v2\/types\/post"}],"author":[{"embeddable":true,"href":"https:\/\/2horizontes.com\/index.php?rest_route=\/wp\/v2\/users\/1"}],"replies":[{"embeddable":true,"href":"https:\/\/2horizontes.com\/index.php?rest_route=%2Fwp%2Fv2%2Fcomments&post=74474"}],"version-history":[{"count":1,"href":"https:\/\/2horizontes.com\/index.php?rest_route=\/wp\/v2\/posts\/74474\/revisions"}],"predecessor-version":[{"id":74476,"href":"https:\/\/2horizontes.com\/index.php?rest_route=\/wp\/v2\/posts\/74474\/revisions\/74476"}],"wp:featuredmedia":[{"embeddable":true,"href":"https:\/\/2horizontes.com\/index.php?rest_route=\/wp\/v2\/media\/74475"}],"wp:attachment":[{"href":"https:\/\/2horizontes.com\/index.php?rest_route=%2Fwp%2Fv2%2Fmedia&parent=74474"}],"wp:term":[{"taxonomy":"category","embeddable":true,"href":"https:\/\/2horizontes.com\/index.php?rest_route=%2Fwp%2Fv2%2Fcategories&post=74474"},{"taxonomy":"post_tag","embeddable":true,"href":"https:\/\/2horizontes.com\/index.php?rest_route=%2Fwp%2Fv2%2Ftags&post=74474"}],"curies":[{"name":"wp","href":"https:\/\/api.w.org\/{rel}","templated":true}]}}