{"id":74458,"date":"2022-07-28T18:39:25","date_gmt":"2022-07-28T17:39:25","guid":{"rendered":"http:\/\/2horizontes.com\/?p=74458"},"modified":"2022-07-28T18:39:27","modified_gmt":"2022-07-28T17:39:27","slug":"la-tasa-de-paro-cae-al-1248-la-menor-desde-2008-con-un-fuerte-impulso-de-los-contratos-indefinidos","status":"publish","type":"post","link":"https:\/\/2horizontes.com\/?p=74458","title":{"rendered":"La tasa de paro cae al 12,48%, la menor desde 2008 con un fuerte impulso de los contratos indefinidos"},"content":{"rendered":"\n<p>Espa\u00f1a registr\u00f3 entre abril y junio la mayor contrataci\u00f3n indefinida de la historia, menos de tres millones de desempleados y 20,47 millones de ocupados, seg\u00fan la Encuesta de Poblaci\u00f3n Activa<\/p>\n\n\n\n<p>Con guerra o sin guerra en Europa, el mercado laboral espa\u00f1ol cumple con una tradici\u00f3n casi inexorable.&nbsp;<a href=\"https:\/\/elpais.com\/economia\/2022-04-28\/el-paro-sube-en-70900-personas-en-los-primeros-tres-meses-del-ano.html\">El primer trimestre del a\u00f1o es malo<\/a>. El segundo, cuando la contrataci\u00f3n se anima ante la perspectiva de la temporada alta del turismo, las cifras mejoran. Las de este a\u00f1o,&nbsp;<a href=\"https:\/\/elpais.com\/economia\/2022-07-04\/la-creacion-de-empleo-se-acelera-en-el-inicio-del-verano-la-afiliacion-sube-en-115000-trabajadores-y-el-paro-baja-en-42000-personas.html\">seg\u00fan los datos que ha ido dando a conocer el Gobierno<\/a>, eran muy buenas y el Instituto Nacional de Estad\u00edstica (INE) las ha confirmado este jueves. Seg\u00fan la \u00faltima Encuesta de Poblaci\u00f3n Activa (EPA), Espa\u00f1a tuvo entre abril y junio un 12,48% de paro, el porcentaje m\u00e1s bajo desde el tercer trimestre de 2008. Eso se traduce en 2.919.400 parados, la primera vez en casi 14 a\u00f1os con menos tres millones de desempleados en los registros de la EPA, cuyas principales novedades llegan por el lado de la temporalidad y la reforma laboral. Nunca en la historia se hab\u00eda creado tanto empleo indefinido: casi 617.000 nuevos contratos, lo que multiplica por m\u00e1s de 2,5 el mejor trimestre hasta ahora.https:\/\/datawrapper.dwcdn.net\/wB8sI\/1\/<\/p>\n\n\n\n<p>A la vez que retrocedi\u00f3 el desempleo entre abril y junio, avanz\u00f3 la ocupaci\u00f3n. Seg\u00fan la EPA, Espa\u00f1a tuvo 20,47 millones de ocupados en el segundo trimestre. Se trata de otro dato en el que, para encontrar un precedente, hay que viajar a los momentos m\u00e1s boyantes del mercado laboral espa\u00f1ol, en los proleg\u00f3menos de la Gran Recesi\u00f3n que luego devastar\u00eda la econom\u00eda. Supone que, en el \u00faltimo a\u00f1o, Espa\u00f1a ha creado cerca de 800.000 nuevos puestos de trabajo. Si los coletazos de la pandemia, la inflaci\u00f3n o el conflicto en Ucrania lastraron el primer trimestre, ninguno de esos factores ha parecido suficiente para ensombrecer la marcha del mercado laboral en el segundo. La cifra de parados supone una bajada de 255.300 personas. Y desde el punto de vista de quienes tienen trabajo, a los m\u00e1s de 20 millones de ocupados que ya hab\u00eda en el arranque del a\u00f1o se han sumado otros 383.300 m\u00e1s.<\/p>\n\n\n\n<p>Esta \u00faltima cifra est\u00e1 en la l\u00ednea de lo que suele ser habitual en el segundo trimestre. En 2019, por ejemplo, el incremento de ocupaci\u00f3n fue menor, mientras que en 2018 o 2021 fue superior. Lo radicalmente diferente es la manera de lograrlo. Primero, porque el mercado laboral espa\u00f1ol ha mostrado mucha m\u00e1s fortaleza en los \u00faltimos a\u00f1os que en crisis anteriores. Los ERTE (despidos temporales) se mostraron en la pandemia&nbsp;<a href=\"https:\/\/elpais.com\/economia\/2021-12-27\/por-que-los-erte-no-se-transformaron-en-ere.html\">como un m\u00e9todo efectivo para conservar el empleo<\/a>, pese a la brutal destrucci\u00f3n de actividad que supusieron los confinamientos. Si en la Gran Recesi\u00f3n Espa\u00f1a pas\u00f3 cinco a\u00f1os en los que b\u00e1sicamente destruy\u00f3 empleo, en esta ocasi\u00f3n lo recupera pr\u00e1cticamente desde que pas\u00f3 la primera oleada del coronavirus (con alg\u00fan peque\u00f1o altibajo, como el del primer trimestre de este a\u00f1o).https:\/\/datawrapper.dwcdn.net\/QyXP5\/1\/<\/p>\n\n\n\n<p>El segundo motivo que hace que la creaci\u00f3n de empleo de este trimestre sea muy distinta a lo visto hasta ahora es la contrataci\u00f3n indefinida. Los datos conocidos este jueves son los primeros que se ofrecen con la reforma laboral a pleno rendimiento. Esta entr\u00f3 en marcha a principios de a\u00f1o, pero para algunas de las nuevas regulaciones ofrec\u00eda una moratoria de adaptaci\u00f3n de tres meses, por lo que no despleg\u00f3 por completo sus efectos hasta el segundo trimestre. Para monitorizar el cambio se ha seguido la evoluci\u00f3n de la contrataci\u00f3n indefinida (<a href=\"https:\/\/elpais.com\/economia\/2021-12-23\/asi-es-la-nueva-reforma-laboral-freno-a-la-temporalidad-limites-a-las-subcontratas-y-flexibilidad-para-las-empresas-en-crisis.html\">uno de los principales objetivos de la reforma<\/a>) y la EPA del segundo trimestre deja 616.700 contratos indefinidos m\u00e1s y 241.300 contratos temporales menos. No hay precedentes de cifras similares. La mayor creaci\u00f3n trimestral de empleo indefinido hasta ahora era la del segundo semestre de 2018, con unos 231.000 contratos, y entonces la cifra de temporales aumentaba pr\u00e1cticamente en la misma proporci\u00f3n.<\/p>\n\n\n\n<figure class=\"wp-block-image\"><img decoding=\"async\" src=\"https:\/\/imagenes.elpais.com\/resizer\/zoyc0PWmGixFs9je9DchcZivuro=\/414x0\/cloudfront-eu-central-1.images.arcpublishing.com\/prisa\/WK2AF4HUNPH7KX5YSIUPT6AGGI.jpg\" alt=\"Una camarera atend\u00eda a unos clientes este jueves en Bilbao.\"\/><figcaption>Una camarera atend\u00eda a unos clientes este jueves en Bilbao.LUIS TEJIDO (EFE)<\/figcaption><\/figure>\n\n\n\n<p>El Gobierno saca pecho de ello. El Ministerio de Trabajo asegura que \u201clos datos ponen de manifiesto los efectos positivos de la reforma laboral\u201d. En el \u00faltimo a\u00f1o, de acuerdo con los datos del INE, Espa\u00f1a ha sumado m\u00e1s de un mill\u00f3n de indefinidos (1.076.300, exactamente) y ha reducido en casi 280.000 los temporales. Con los datos conocidos este jueves, est\u00e1 claro que casi todo ese avance se corresponde con el periodo abril-junio. La tasa de temporalidad se sit\u00faa en el 22,29%, que es la segunda m\u00e1s baja de la serie hist\u00f3rica, que arranca en 2002. En el arranque de 2013 se dio un menor porcentaje, pero hay que tener en cuenta que aquel dato se dio en un contexto muy diferente. El matiz es sustantivo porque entonces Espa\u00f1a destru\u00eda empleo (alcanz\u00f3 en ese trimestre su mayor tasa de paro: 26,94%, con m\u00e1s de 6,2 millones de desempleados) y los que se llevaban la peor parte eran los trabajadores temporales.<\/p>\n\n\n\n<p>Hasta ahora, el mercado laboral espa\u00f1ol siempre que creaba mucho empleo&nbsp;<a href=\"https:\/\/elpais.com\/opinion\/2021-03-18\/la-perversa-temporalidad-del-mercado-laboral-espanol.html\">lo hac\u00eda con un importante volumen de temporalidad<\/a>. Si se comparan las cifras de abril-junio con los momentos en que el mercado laboral ten\u00eda vol\u00famenes de ocupaci\u00f3n similares, durante el auge econ\u00f3mico de principios de siglo, supone un cambio de paradigma llamativo porque entonces la temporalidad se situaba por encima del 30% de manera sostenida. Otro efecto de la reforma laboral se ve en el n\u00famero medio de horas trabajadas: 34,5 a la semana en el segundo trimestre de 2019 y 33,3 ahora. La explicaci\u00f3n m\u00e1s plausible es que, habiendo m\u00e1s ocupados, entre estos hab\u00eda m\u00e1s personas que no trabajaron en la semana de referencia de la encuesta por estar de baja<a href=\"https:\/\/elpais.com\/economia\/negocios\/2022-06-06\/el-contrato-fijo-discontinuo-cambia-vidas-he-podido-independizarme.html\">&nbsp;o por ser fijos discontinuos<\/a>. Estos \u00faltimos, de hecho, representan ya un 3% de los contratos, el porcentaje m\u00e1s alto de la historia, ya que nunca hab\u00edan pasado del 2,4%.https:\/\/datawrapper.dwcdn.net\/gPMDF\/1\/<\/p>\n\n\n\n<h3 class=\"wp-block-heading\">Tir\u00f3n de la contrataci\u00f3n privada<\/h3>\n\n\n\n<p>El aumento del empleo es resultado de un fuerte tir\u00f3n en el sector privado (397.600 ocupados m\u00e1s) mientras que descendi\u00f3 en 14.300 personas en el p\u00fablico. Y por sectores de actividad, se ha sustentado en los servicios, que han ganado en el segundo trimestre 320.200 ocupados. La industria (79.500 ocupados m\u00e1s) y la construcci\u00f3n (21.900) tambi\u00e9n han sumado efectivos al mercado laboral espa\u00f1ol. En contraste, la agricultura los ha perdido, con 38.400 personas menos trabajando en el sector primario. Si se observa territorialmente, Andaluc\u00eda, con 123.800 ocupados m\u00e1s, Canarias (121.100 m\u00e1s) y la Comunidad Valenciana (119.000 m\u00e1s) son las comunidades donde m\u00e1s se ha ampliado el empleo en el \u00faltimo a\u00f1o, mientras que Baleares, Catalu\u00f1a y Madrid lideran la creaci\u00f3n de puestos de trabajo en el segundo trimestre.<\/p>\n\n\n\n<p>Desde el punto de vista del desempleo, las mayores bajadas trimestrales del n\u00famero de parados se dan tambi\u00e9n en Madrid (59.700 personas menos en paro) y Baleares (54.400 menos). Pero verlo con respecto a 12 meses atr\u00e1s sit\u00faa a Catalu\u00f1a y Andaluc\u00eda como los territorios donde m\u00e1s han retrocedido los desempleados. No obstante, Cantabria (8,17%), el Pa\u00eds Vasco (8,75%) y Navarra (8,76%) siguen siendo las comunidades con una menor tasa de paro.<\/p>\n\n\n\n<p>Las buenas noticias eran esperadas en parte. El pasado mayo, los datos de empleo que ofrece el Ministerio de Trabajo detectaron que Espa\u00f1a\u00a0bajaba de los tres millones de parados por primera vez en 14 a\u00f1os. A la vez, las cifras de afiliaci\u00f3n a la Seguridad Social que tambi\u00e9n ofrece el Ejecutivo no dejaron de crecer en todo el periodo, situando a Espa\u00f1a de manera sostenida por encima de los 20 millones de ocupados. Los n\u00fameros no coinciden con los del INE porque se emplean m\u00e9todos diferentes (la EPA es una encuesta que se hace a 65.000 hogares y se considera la foto m\u00e1s fidedigna del mercado laboral), pero las tendencias son las mismas.<\/p>\n\n\n\n<p>El mercado laboral ha mostrado cambios con la reforma laboral, pero tambi\u00e9n ha avanzado, sin duda, con el viento a favor de la estacionalidad. Con la primera Semana Santa\u00a0<em>normal<\/em>\u00a0tras dos a\u00f1os de pandemia, y a las puertas\u00a0de un verano que se prev\u00e9 hist\u00f3rico para el turismo, el empleo progres\u00f3 y con ello mejor\u00f3 la situaci\u00f3n de muchas familias. Seg\u00fan el INE, Espa\u00f1a tuvo 62.600 hogares menos con todos sus miembros en paro, aunque segu\u00eda habiendo cerca de un mill\u00f3n en esa situaci\u00f3n. Tambi\u00e9n mejor\u00f3 la tasa de paro femenino, que se situ\u00f3 en el 14,15%, aunque eso no impide que las mujeres sigan saliendo peor paradas que los hombres en el mercado de trabajo (ellos tienen una tasa de paro del 10,99%, m\u00e1s de tres puntos por debajo). Y otra cosa que tampoco cambia es la dificultad de los m\u00e1s j\u00f3venes para emplearse: el colectivo de personas entre 16 y 19 a\u00f1os es el \u00fanico en el que aument\u00f3 el n\u00famero de parados durante el segundo trimestre (20.900 m\u00e1s), aunque se encuentran en mejor situaci\u00f3n que un a\u00f1o antes (8.700 desempleados menos). Entre los de 20 a 24 a\u00f1os baja el n\u00famero de parados, tanto en t\u00e9rminos trimestrales (11.500 menos) como interanuales (119.900 menos).<\/p>\n","protected":false},"excerpt":{"rendered":"<p>Espa\u00f1a registr\u00f3 entre abril y junio la mayor contrataci\u00f3n indefinida de la historia, menos de tres millones de desempleados y 20,47 millones de ocupados, seg\u00fan la Encuesta de Poblaci\u00f3n Activa Con guerra o sin guerra en Europa, el mercado laboral espa\u00f1ol cumple con una tradici\u00f3n casi inexorable.&nbsp;El primer trimestre del a\u00f1o es malo. El segundo, [&hellip;]<\/p>\n","protected":false},"author":1,"featured_media":74459,"comment_status":"open","ping_status":"open","sticky":false,"template":"","format":"standard","meta":{"footnotes":""},"categories":[63,85],"tags":[],"class_list":["post-74458","post","type-post","status-publish","format-standard","has-post-thumbnail","hentry","category-economia","category-espana"],"_links":{"self":[{"href":"https:\/\/2horizontes.com\/index.php?rest_route=\/wp\/v2\/posts\/74458","targetHints":{"allow":["GET"]}}],"collection":[{"href":"https:\/\/2horizontes.com\/index.php?rest_route=\/wp\/v2\/posts"}],"about":[{"href":"https:\/\/2horizontes.com\/index.php?rest_route=\/wp\/v2\/types\/post"}],"author":[{"embeddable":true,"href":"https:\/\/2horizontes.com\/index.php?rest_route=\/wp\/v2\/users\/1"}],"replies":[{"embeddable":true,"href":"https:\/\/2horizontes.com\/index.php?rest_route=%2Fwp%2Fv2%2Fcomments&post=74458"}],"version-history":[{"count":1,"href":"https:\/\/2horizontes.com\/index.php?rest_route=\/wp\/v2\/posts\/74458\/revisions"}],"predecessor-version":[{"id":74460,"href":"https:\/\/2horizontes.com\/index.php?rest_route=\/wp\/v2\/posts\/74458\/revisions\/74460"}],"wp:featuredmedia":[{"embeddable":true,"href":"https:\/\/2horizontes.com\/index.php?rest_route=\/wp\/v2\/media\/74459"}],"wp:attachment":[{"href":"https:\/\/2horizontes.com\/index.php?rest_route=%2Fwp%2Fv2%2Fmedia&parent=74458"}],"wp:term":[{"taxonomy":"category","embeddable":true,"href":"https:\/\/2horizontes.com\/index.php?rest_route=%2Fwp%2Fv2%2Fcategories&post=74458"},{"taxonomy":"post_tag","embeddable":true,"href":"https:\/\/2horizontes.com\/index.php?rest_route=%2Fwp%2Fv2%2Ftags&post=74458"}],"curies":[{"name":"wp","href":"https:\/\/api.w.org\/{rel}","templated":true}]}}