{"id":74448,"date":"2022-07-28T18:24:08","date_gmt":"2022-07-28T17:24:08","guid":{"rendered":"http:\/\/2horizontes.com\/?p=74448"},"modified":"2022-07-28T18:24:09","modified_gmt":"2022-07-28T17:24:09","slug":"administracion-publica-superintendencia-electricidad-violo-la-ley-con-aumentos-salariales","status":"publish","type":"post","link":"https:\/\/2horizontes.com\/?p=74448","title":{"rendered":"Administraci\u00f3n P\u00fablica: Superintendencia Electricidad viol\u00f3 la ley con aumentos salariales"},"content":{"rendered":"\n<p><strong>Redacci\u00f3n Digital<\/strong><strong>Santo Domingo, RD<\/strong><\/p>\n\n\n\n<p><strong>\u201cViol\u00f3 la ley, viol\u00f3 la ley\u201d<\/strong>, fueron las palabras que us\u00f3 el ministro de Administraci\u00f3n P\u00fablica, Dar\u00edo Castillo Lugo, al referirse este jueves&nbsp;<strong>sobre la decisi\u00f3n que aprob\u00f3<\/strong>&nbsp;en mayo de 2021 y modific\u00f3 este pasado fin de semana&nbsp;<strong>la Superintendencia de Electricidad (SIE) a fin de incrementar los salarios<\/strong>&nbsp;de todos sus colaboradores.<\/p>\n\n\n\n<p>De acuerdo con los argumentos expuestos por el funcionario durante una entrevista en el programa \u201cUno + Uno\u201d, transmitido por Teleantillas canal 2, el referido ente regulador del subsector el\u00e9ctrico dominicano y que adem\u00e1s tiene la obligaci\u00f3n de fiscalizar y supervisar el cumplimiento de las disposiciones legales,&nbsp;<strong>\u201cviol\u00f3 la ley cuando no solicit\u00f3 al Ministerio de Administraci\u00f3n P\u00fablica como debe ser, su aprobaci\u00f3n (refiri\u00e9ndose al reajuste) \u201d.<\/strong><\/p>\n\n\n\n<p>Castillo Lugo precis\u00f3 que la Ley de Salarios, la 105-13 aplica a \u201ctodo el Estado, a todos los poderes. A los 3 poderes y hasta a los \u00f3rganos constitucionales\u201d y que el ministerio que dirige es el \u00f3rgano regulador de la Ley de Salarios.<\/p>\n\n\n\n<p>De igual modo, el servidor p\u00fablico aclar\u00f3 que las EDEs son empresas, a las que no se les aplica la Ley de Funci\u00f3n P\u00fablica, pero la&nbsp;<strong>Superintendencia \u201cno es una empresa, es un \u00f3rgano p\u00fablico aut\u00f3nomo descentralizado\u201d que debe ajustarse a la legislaci\u00f3n de salarios.<\/strong><\/p>\n\n\n\n<p>El Ministro dijo adem\u00e1s que en dos ocasiones el MAP y en una la Consultor\u00eda Jur\u00eddica le ratific\u00f3 a la SIE que ellos se administran por la Ley de Funci\u00f3n P\u00fablica.<\/p>\n\n\n\n<p>\u201cEntonces, todos los movimientos que ellos hagan tienen que ser conocidos y aprobados por el Ministerio de Administraci\u00f3n P\u00fablica; eso ellos no lo hicieron\u201d, revel\u00f3.<\/p>\n\n\n\n<p>La entrevista al ministro estuvo a cargo de los periodistas Milizen Uribe y Ram\u00f3n Stalin Montero.<\/p>\n\n\n\n<figure class=\"wp-block-embed is-type-rich is-provider-gestor-del-servicio wp-block-embed-gestor-del-servicio wp-embed-aspect-4-3 wp-has-aspect-ratio\"><div class=\"wp-block-embed__wrapper\">\n<iframe loading=\"lazy\" title=\"#Uno+Uno: Castillo Lugo afirma toda la base PRM est\u00e1 nombrada\" width=\"960\" height=\"720\" src=\"https:\/\/www.youtube.com\/embed\/3SQ71AMID1w?feature=oembed\" frameborder=\"0\" allow=\"accelerometer; autoplay; clipboard-write; encrypted-media; gyroscope; picture-in-picture\" allowfullscreen><\/iframe>\n<\/div><\/figure>\n\n\n\n<p><strong>Extracto de la entrevista:<\/strong><\/p>\n\n\n\n<p><strong>Millizen Uribe:<\/strong>&nbsp;\u00bfY en el caso de las EDEs, ministro, vimos tambi\u00e9n c\u00f3mo por un lado la Superintendencia de Electricidad y tambi\u00e9n despu\u00e9s la Comisi\u00f3n Nacional de Energ\u00eda se hicieron unos aumentos que, entendemos, entrar\u00edan en contradicci\u00f3n con este esp\u00edritu de ponerle tope a presupuesto y racionalizar el gasto?<\/p>\n\n\n\n<p><strong>Dar\u00edo Castillo Lugo:<\/strong>&nbsp;S\u00ed, bueno, el tema es el siguiente, en nuestro pa\u00eds hay dos reg\u00edmenes laborales: el privado que se administra por el C\u00f3digo de Trabajo, y el p\u00fablico que se administra por la ley de Funci\u00f3n P\u00fablica, la 21-08. Todos los organismos p\u00fablicos se rigen por la Ley de Funci\u00f3n P\u00fablica, excepto los que su propia ley de creaci\u00f3n dicen que se administran por el C\u00f3digo de Trabajo como, por ejemplo, el Banco Central, la Superintendencia de Bancos, dice su ley de creaci\u00f3n, su personal y sus relaciones de trabajo se rigen de acuerdo al C\u00f3digo de Trabajo. O lo que el principio 3 del C\u00f3digo de Trabajo diga que son empresas comerciales, industriales. Las EDEs son empresas, a esas no les aplica la Ley de Funci\u00f3n P\u00fablica, pero la Superintendencia no es una empresa, es un \u00f3rgano p\u00fablico aut\u00f3nomo descentralizado pero que le aplica la Ley de Salarios.<\/p>\n\n\n\n<p><strong>Millizen Uribe:<\/strong>&nbsp;Entonces, \u00bfviol\u00f3 la ley la Superintendencia con ese aumento que se hizo?<\/p>\n\n\n\n<p><strong>Dar\u00edo Castillo Lugo:<\/strong>&nbsp;Viol\u00f3 la ley cuando no solicit\u00f3 al Ministerio de Administraci\u00f3n P\u00fablica (MAP) como debe ser, su aprobaci\u00f3n. Porque la Ley de Salarios, la 105-13 aplica a todo el Estado, a todos los poderes. A los 3 poderes y hasta a los \u00f3rganos constitucionales aplica la Ley de Salarios, y el MAP es el \u00f3rgano regulador de la Ley de Salarios.<\/p>\n\n\n\n<p><strong>Stalin Montero:&nbsp;<\/strong>Pero ah\u00ed tambi\u00e9n se evidencia algo, como a la saz\u00f3n de no haber completado un procedimiento, estas instituciones tuvieron la oportunidad de ejecutar un aumento salarial.<\/p>\n\n\n\n<p><strong>Dar\u00edo Castillo Lugo:<\/strong>&nbsp;Bueno, como son aut\u00f3nomos, como son descentralizados, no hay muchos controles sobre ellos. Entonces, eso es una lucha. A principios del a\u00f1o pasado, nosotros junto con el Ministerio de Trabajo, nos pusimos de acuerdo\u2026 y publicamos y aprobamos una resoluci\u00f3n conjunta que dec\u00eda eso, a cuales les aplica el C\u00f3digo de Trabajo y a cuales les aplica la Ley de Funci\u00f3n P\u00fablica\u2026<\/p>\n\n\n\n<p>A la Superintendencia de Electricidad en dos ocasiones el Ministerio de Administraci\u00f3n P\u00fablica y en una ocasi\u00f3n la Consultor\u00eda Jur\u00eddica le ratific\u00f3 que ellos se administran por la Ley de Funci\u00f3n P\u00fablica. Entonces, todos los movimientos que ellos hagan tienen que ser conocidos y aprobados por el Ministerio de Administraci\u00f3n P\u00fablica; eso ellos no lo hicieron.<\/p>\n\n\n\n<p><\/p>\n","protected":false},"excerpt":{"rendered":"<p>Redacci\u00f3n DigitalSanto Domingo, RD \u201cViol\u00f3 la ley, viol\u00f3 la ley\u201d, fueron las palabras que us\u00f3 el ministro de Administraci\u00f3n P\u00fablica, Dar\u00edo Castillo Lugo, al referirse este jueves&nbsp;sobre la decisi\u00f3n que aprob\u00f3&nbsp;en mayo de 2021 y modific\u00f3 este pasado fin de semana&nbsp;la Superintendencia de Electricidad (SIE) a fin de incrementar los salarios&nbsp;de todos sus colaboradores. De [&hellip;]<\/p>\n","protected":false},"author":1,"featured_media":74450,"comment_status":"open","ping_status":"open","sticky":false,"template":"","format":"standard","meta":{"footnotes":""},"categories":[63,43,44],"tags":[],"class_list":["post-74448","post","type-post","status-publish","format-standard","has-post-thumbnail","hentry","category-economia","category-politica","category-republica-dominicana"],"_links":{"self":[{"href":"https:\/\/2horizontes.com\/index.php?rest_route=\/wp\/v2\/posts\/74448","targetHints":{"allow":["GET"]}}],"collection":[{"href":"https:\/\/2horizontes.com\/index.php?rest_route=\/wp\/v2\/posts"}],"about":[{"href":"https:\/\/2horizontes.com\/index.php?rest_route=\/wp\/v2\/types\/post"}],"author":[{"embeddable":true,"href":"https:\/\/2horizontes.com\/index.php?rest_route=\/wp\/v2\/users\/1"}],"replies":[{"embeddable":true,"href":"https:\/\/2horizontes.com\/index.php?rest_route=%2Fwp%2Fv2%2Fcomments&post=74448"}],"version-history":[{"count":1,"href":"https:\/\/2horizontes.com\/index.php?rest_route=\/wp\/v2\/posts\/74448\/revisions"}],"predecessor-version":[{"id":74451,"href":"https:\/\/2horizontes.com\/index.php?rest_route=\/wp\/v2\/posts\/74448\/revisions\/74451"}],"wp:featuredmedia":[{"embeddable":true,"href":"https:\/\/2horizontes.com\/index.php?rest_route=\/wp\/v2\/media\/74450"}],"wp:attachment":[{"href":"https:\/\/2horizontes.com\/index.php?rest_route=%2Fwp%2Fv2%2Fmedia&parent=74448"}],"wp:term":[{"taxonomy":"category","embeddable":true,"href":"https:\/\/2horizontes.com\/index.php?rest_route=%2Fwp%2Fv2%2Fcategories&post=74448"},{"taxonomy":"post_tag","embeddable":true,"href":"https:\/\/2horizontes.com\/index.php?rest_route=%2Fwp%2Fv2%2Ftags&post=74448"}],"curies":[{"name":"wp","href":"https:\/\/api.w.org\/{rel}","templated":true}]}}