{"id":74425,"date":"2022-07-18T18:29:33","date_gmt":"2022-07-18T17:29:33","guid":{"rendered":"http:\/\/2horizontes.com\/?p=74425"},"modified":"2022-07-18T18:29:34","modified_gmt":"2022-07-18T17:29:34","slug":"gobierno-ineficiencia-y-aumento-factura-electrica","status":"publish","type":"post","link":"https:\/\/2horizontes.com\/?p=74425","title":{"rendered":"Gobierno, ineficiencia y aumento factura el\u00e9ctrica"},"content":{"rendered":"\n<p>Las limitaciones cuantitativas inciden en todo el acontecer de la vida hogare\u00f1a y comercial, afectando todo el sistema, disminuyendo el valor adquisitivo de los ingresos<\/p>\n\n\n\n<p>Proveer energ\u00eda el\u00e9ctrica es un servicio que por sus caracter\u00edsticas, y lo que representa, es de inter\u00e9s p\u00fablico. Est\u00e1 vinculada al progreso y desarrollo de la humanidad; desde su descubrimiento revolucion\u00f3 el comportamiento de la sociedad, en t\u00e9rminos econ\u00f3micos y materiales. Impact\u00f3 la existencia de los seres vivos. El hombre es el m\u00e1s consciente de esto, y la utiliza para mejorar sus condiciones de vida, acorde con los avances tecnol\u00f3gicos.<\/p>\n\n\n\n<p>En t\u00e9rmino coloquiales se habla de \u201cla luz\u201d; a<strong>&nbsp;la falta de electricidad se le llama apagones<\/strong>&nbsp;y, en los niveles \u201cde mayor abolengo\u201d, a este servicio se le identifica como \u201cenerg\u00eda el\u00e9ctrica\u201d, reconoci\u00e9ndolo como medio indispensable para el desenvolvimiento de las actividades cotidianas.<\/p>\n\n\n\n<h2 class=\"wp-block-heading\">&nbsp;<br><strong>\u00bfEs eficiente el gobierno en suministro de energ\u00eda?<\/strong><\/h2>\n\n\n\n<p>Para responder a esta pregunta, consultamos t\u00e9cnicos especializados del partido, especialmente el equipo que colabora con el Sector Externo, m\u00e1s la informaci\u00f3n en los portales digitales de las instituciones.<strong>&nbsp;Las deficiencias son evidentes y muy perjudiciales<\/strong>&nbsp;en estos momentos de crisis.<\/p>\n\n\n\n<p>Las limitaciones cuantitativas inciden en todo el acontecer de la vida hogare\u00f1a y comercial, afectando todo el sistema,&nbsp;<strong>disminuyendo el valor adquisitivo de los ingresos.<\/strong>&nbsp;En el caso los sectores productivos, ante los d\u00e9ficits de \u201celectricidad\u201d, se ven precisados a utilizar medios alternativos para la generaci\u00f3n, lo que aumenta el costo de producci\u00f3n, distribuci\u00f3n y comercializaci\u00f3n. \u00c9sta es una de las causas del aumento de la energ\u00eda, que a su vez incide en el aumento de los niveles de inflaci\u00f3n.<\/p>\n\n\n\n<h2 class=\"wp-block-heading\">&nbsp;<br><strong>\u00bfHa reducido el gobierno el gasto corriente en el sector?<\/strong><\/h2>\n\n\n\n<p>Esta Administraci\u00f3n requiri\u00f3 la firma de un pacto el\u00e9ctrico, que entre otros aspectos destaca la obligaci\u00f3n de reducir las p\u00e9rdidas y el gasto corriente, sobre todo de personal. Es decir, la cantidad de dinero destinada a&nbsp;<strong>cubrir los salarios de funcionarios y empleados.<\/strong>&nbsp;Al asumir la presente gesti\u00f3n, las distribuidoras<strong>dispon\u00edan de 7,400 empleados,<\/strong>&nbsp;aproximadamente; al mes de abril de 2022 ten\u00edan registrados 7,617, como consecuencia de la pol\u00edtica sustituci\u00f3n de empleados, incremento de n\u00f3mina, y de salarios.<\/p>\n\n\n\n<p>En el caso de Punta Catalina, t\u00e9cnicos calificados afirman que tambi\u00e9n se triplicaron la n\u00f3mina y los salarios del personal. Am\u00e9n de sustituir los t\u00e9cnicos calificados, sostienen que&nbsp;<strong>se gastaban unos US$300,000.00 mensual,&nbsp;<\/strong>y que al mes de abril del cursante a\u00f1o se calcula en US$1,000,000.00 de d\u00f3lares.<\/p>\n\n\n\n<h2 class=\"wp-block-heading\"><strong>\u00bfHan disminuido las p\u00e9rdidas?<\/strong><\/h2>\n\n\n\n<p>Las p\u00e9rdidas han aumentado significativamente; \u00e9stas se miden si comparamos la cantidad de energ\u00eda adquirida versus la recuperaci\u00f3n o cobros efectuados. Los t\u00e9cnicos en la materia lo miden a trav\u00e9s de un sistema denominado Cash Recovery Index. En diciembre de 20212,<strong>&nbsp;\u00e9stas eran de 28%, actualmente superan el 35%.<\/strong><\/p>\n\n\n\n<p>Como consecuencia de deficiencias y negligencia en la Administraci\u00f3n, la central termoel\u00e9ctrica Punta Catalina, en las unidades 1 y 2, en tiempos distintos, dur\u00f3 unos 70 d\u00edas fuera de servicio, con la inestabilidad en la capacidad de generaci\u00f3n de energ\u00eda, lo que provoc\u00f3 en ese momento prolongados apagones.<\/p>\n\n\n\n<p>As\u00ed mismo, el Comit\u00e9 de Compras de la CDEEE debi\u00f3 convocar licitaci\u00f3n para la compra de carb\u00f3n, cal, filtro, y otros insumos, por un per\u00edodo de aproximado de un a\u00f1o. Si lo hubiese convocado en enero del 2021, el valor del mercado era de 70 d\u00f3lares por tonelada. Pero la falta de previsi\u00f3n condujo a que se convocara para junio del mismo a\u00f1o; en ese momento la tonelada superaba los 100 d\u00f3lares. Solo dos empresas ofertaron, una a 150 d\u00f3lares y otra a 387 d\u00f3lares, se escogi\u00f3 la \u00faltima; lo que representa m\u00e1s de 300 d\u00f3lares por tonelada, si se hubiese comprado en el tiempo que correspond\u00eda.<\/p>\n\n\n\n<h2 class=\"wp-block-heading\">&nbsp;<br><strong>Falta de gerencia en la administraci\u00f3n de lo p\u00fablico<\/strong><\/h2>\n\n\n\n<p>Como se puede apreciar, esta falta de gerencia en la administraci\u00f3n de lo p\u00fablico, se transfiere directamente en perjuicio del consumidor, raz\u00f3n por la cual cada vez que un ciudadano ha recibido una factura en estos \u00faltimos seis meses, tambi\u00e9n ha recibido un aumento acumulado, de aproximadamente el 40%.<\/p>\n\n\n\n<p>Este incremento en la factura, se produce porque todo el que oferta un producto, u ofrece un servicio (empresas, comercios, cl\u00ednicas) transfiere los costos adicionales al consumidor final; que no soporta m\u00e1s cargas de las que ya tiene sobre sus hombros, especialmente la gente humilde.<\/p>\n\n\n\n<p><strong>La raz\u00f3n fundamental de estos desproporcionados aumentos,<\/strong>&nbsp;no est\u00e1 vinculada a la guerra de Rusia y Ucrania, o a las consecuencias de la pandemia, u otra excusa de car\u00e1cter internacional; es puramente local. La actual administraci\u00f3n, como ha indicado el l\u00edder de la oposici\u00f3n, Leonel Fern\u00e1ndez Reyna, vive en una burbuja que no le permite comprender la gravedad de esta crisis.&nbsp;<\/p>\n\n\n\n<p>Como indicamos al inicio, la energ\u00eda es un componente esencial, indispensable para el desarrollo de todas las actividades, personales, comerciales y productivas; por tanto, es un factor decisivo en el costo de la vida, en los precios de los productos y servicios. Su incidencia en los niveles de inflaci\u00f3n es decisiva, lo que deja establecido que este incremento acumulado de aproximadamente un 40% en la factura el\u00e9ctrica, tiene efectos inflacionarios.<\/p>\n\n\n\n<p><\/p>\n","protected":false},"excerpt":{"rendered":"<p>Las limitaciones cuantitativas inciden en todo el acontecer de la vida hogare\u00f1a y comercial, afectando todo el sistema, disminuyendo el valor adquisitivo de los ingresos Proveer energ\u00eda el\u00e9ctrica es un servicio que por sus caracter\u00edsticas, y lo que representa, es de inter\u00e9s p\u00fablico. Est\u00e1 vinculada al progreso y desarrollo de la humanidad; desde su descubrimiento [&hellip;]<\/p>\n","protected":false},"author":1,"featured_media":74426,"comment_status":"open","ping_status":"open","sticky":false,"template":"","format":"standard","meta":{"footnotes":""},"categories":[63,44],"tags":[],"class_list":["post-74425","post","type-post","status-publish","format-standard","has-post-thumbnail","hentry","category-economia","category-republica-dominicana"],"_links":{"self":[{"href":"https:\/\/2horizontes.com\/index.php?rest_route=\/wp\/v2\/posts\/74425","targetHints":{"allow":["GET"]}}],"collection":[{"href":"https:\/\/2horizontes.com\/index.php?rest_route=\/wp\/v2\/posts"}],"about":[{"href":"https:\/\/2horizontes.com\/index.php?rest_route=\/wp\/v2\/types\/post"}],"author":[{"embeddable":true,"href":"https:\/\/2horizontes.com\/index.php?rest_route=\/wp\/v2\/users\/1"}],"replies":[{"embeddable":true,"href":"https:\/\/2horizontes.com\/index.php?rest_route=%2Fwp%2Fv2%2Fcomments&post=74425"}],"version-history":[{"count":1,"href":"https:\/\/2horizontes.com\/index.php?rest_route=\/wp\/v2\/posts\/74425\/revisions"}],"predecessor-version":[{"id":74427,"href":"https:\/\/2horizontes.com\/index.php?rest_route=\/wp\/v2\/posts\/74425\/revisions\/74427"}],"wp:featuredmedia":[{"embeddable":true,"href":"https:\/\/2horizontes.com\/index.php?rest_route=\/wp\/v2\/media\/74426"}],"wp:attachment":[{"href":"https:\/\/2horizontes.com\/index.php?rest_route=%2Fwp%2Fv2%2Fmedia&parent=74425"}],"wp:term":[{"taxonomy":"category","embeddable":true,"href":"https:\/\/2horizontes.com\/index.php?rest_route=%2Fwp%2Fv2%2Fcategories&post=74425"},{"taxonomy":"post_tag","embeddable":true,"href":"https:\/\/2horizontes.com\/index.php?rest_route=%2Fwp%2Fv2%2Ftags&post=74425"}],"curies":[{"name":"wp","href":"https:\/\/api.w.org\/{rel}","templated":true}]}}