{"id":74380,"date":"2022-07-13T16:18:11","date_gmt":"2022-07-13T15:18:11","guid":{"rendered":"http:\/\/2horizontes.com\/?p=74380"},"modified":"2022-07-13T16:18:12","modified_gmt":"2022-07-13T15:18:12","slug":"gala-musical-2022-hace-historia-en-espana","status":"publish","type":"post","link":"https:\/\/2horizontes.com\/?p=74380","title":{"rendered":"GALA MUSICAL 2022  HACE HISTORIA EN ESPA\u00d1A"},"content":{"rendered":"\n<p><strong>Madrid, Espa\u00f1a.<\/strong>&nbsp;Una ceremonia cargada de emociones, glamour y &nbsp;elegancia es&nbsp; lo que se vivi\u00f3 la tarde-noche del s\u00e1bado 9 de julio en el Centro Cultural Eduardo \u00darculo.<\/p>\n\n\n\n<p>A las 4:00 de la tarde inici\u00f3 la alfombra roja, donde desfilaron una lluvia de estrellas: artistas, empresarios, &nbsp;comunicadores, l\u00edderes comunitarios, y p\u00fablico en general.<\/p>\n\n\n\n<p>El espect\u00e1culo inicio a las 6:15 de la tarde con la magn\u00edfica actuaci\u00f3n de la humorista residente en Barcelona: LA TIA OFICCIAL, seguida despu\u00e9s de la mix&nbsp; musical de la Escuela Sencillo y Diferente, quienes deslumbraron con unos pasos de bailes magn\u00edficos poniendo en alto la bandera dominicana.<\/p>\n\n\n\n<p>Hay que destacar las actuaciones espectaculare de FONTY, NOA S\u00c1NCHEZ, &nbsp;JOS\u00c9 ORTEGA, HAMLET RAM\u00cdREZ, EGUZ BLACK, ROYALTY, ANDY CISNEROS, GAL\u00c1N GALANTE, MEMO FLOW, JWEIRD, SIRIAKO &nbsp;y dem\u00e1s.<\/p>\n\n\n\n<p>\u201cEste evento no se puede comparar en nada a los premios soberanos\u201d comenta Carlos N\u00fa\u00f1ez.<\/p>\n\n\n\n<p>Un aspecto a destacar fue el homaje p\u00f3stumo a DJ SAZ\u00d3N, que en compa\u00f1\u00eda de sus familiares y miembros del Klandjs recordamos el gran aporte que ha hecho a la cultura dominicana en Madrid, en su nombre el premio a los djs se llamar\u00e1 DJ SAZ\u00d3N.<\/p>\n\n\n\n<p>Gala Musical agradece a los magn\u00edgicos presentadores ROC\u00cdO DE LE\u00d3N Y DJ BLACKY MUNDIAL donde ejecutaron una labor profesional al agrado de todo el p\u00fablico presente.<\/p>\n\n\n\n<p>Este evento&nbsp; se hizo con amor y cari\u00f1o, a la vez por el esfueroo y trabajo constate del equipo de trabajo compuesto por: NORBERTO AZOR, &nbsp;DJ BLACKY MUNDIAL, WILLY JAVIER,&nbsp; DORQUISA OLIVARES, &nbsp;YESSENIA, ANDREA VALLE RODRIGUEZ (VOZ EN OFF), &nbsp;VER\u00d3NICA RAM\u00cdREZ, F\u00c1TIMA DE LOS SANTOS, KAREN CUEVAS, CINDY TAVERAS, &nbsp;ARNULFO NEUMAN, FREDDY OMAR ARIAS,&nbsp; a las BABY KLAN, MADRILE\u00d1A TV, y todas las personas de una forma y otra colaboracron para que el evento fuera extraordinario. En especial a la escuela de Victoria Fashion, quien con ese equipo de maquilladoras, lograron resultados sorprendentes.<\/p>\n\n\n\n<p>Gilbert, artista invitado venezolano demostr\u00f3 en el escenario todo el talento que tiene interpretando sus nuevos singles.<\/p>\n\n\n\n<p>El trabajo de muchos dominicanos tambi\u00e9n se toma en cuenta en estos premios, en ese sentido Gala Musical reconoce a las l\u00edderes comunitarias LUCY SUAZO y&nbsp; F\u00c1TIMA DE LOS SANTOS (MARY DUVAL)L, al empresario dominicano y dise\u00f1ador JARUL MERCEDES, y a la ESCUELA DE BEISBOL TIGRES DE MADRID.<\/p>\n\n\n\n<p>Tambi\u00e9n Gala Musical agradece al trabajo de entrega de los premios, a los se\u00f1ores&nbsp; ADOLFO LORENZO, ELIZABETH CRUZ, &nbsp;FRIZIO BURGOS, JEISY TEJEDA, CARLOS NU\u00d1EZ, JULIET ILEAR, ANTONIO GRANERO, FRANCISCO ABREU, SOL VALERA, LUIS MARIANO GARC\u00cdA,&nbsp; DANIA MORILLO (EN REPRESENTACI\u00d3N DE LA DIPUTADA LILY FLORENTINO.<\/p>\n\n\n\n<p>Por \u00faltimo, este evento fue posibles gracias al apoyo de la Embajada de la Rep\u00fablica Dominicana ante el Reino de Espa\u00f1a, Consulado de la Republica Dominicana en Madrid, Ron Veleiro, Disco \u00c1gora HD, INDEX, Restaurante 809, La Paisa Gin, Diputada Lily Florentino, Diputado Julio C\u00e9sar L\u00f3pez, Joldina, ServiMup, Atlantis, Cafeter\u00eda Nido 24, Avenida Discoteca, Dise\u00f1ador Jarul Mercedes, Agencia De Viajes Nazor Travel, Eleganz, Asociaci\u00f3n de Neyberos en Madrid, Victoria Fashion, Ikellymusic, Madrile\u00f1a Tv, Ille, Grupo Asturiana Comercial, Grupo de Baile de Samuel y Jurisalud.<\/p>\n\n\n\n<figure class=\"wp-block-image size-large is-resized\"><a href=\"http:\/\/2horizontes.com\/wp-content\/uploads\/2022\/07\/gm-11.jpg\"><img loading=\"lazy\" decoding=\"async\" src=\"http:\/\/2horizontes.com\/wp-content\/uploads\/2022\/07\/gm-11-510x327.jpg\" alt=\"\" class=\"wp-image-74382\" width=\"707\" height=\"453\" srcset=\"https:\/\/2horizontes.com\/wp-content\/uploads\/2022\/07\/gm-11-510x327.jpg 510w, https:\/\/2horizontes.com\/wp-content\/uploads\/2022\/07\/gm-11-300x192.jpg 300w, https:\/\/2horizontes.com\/wp-content\/uploads\/2022\/07\/gm-11-768x492.jpg 768w, https:\/\/2horizontes.com\/wp-content\/uploads\/2022\/07\/gm-11-1536x984.jpg 1536w, https:\/\/2horizontes.com\/wp-content\/uploads\/2022\/07\/gm-11.jpg 2048w\" sizes=\"auto, (max-width: 707px) 100vw, 707px\" \/><\/a><\/figure>\n\n\n\n<p>GANADORES&nbsp; GALA MUSICAL 2022<\/p>\n\n\n\n<p>MEJOR ARTISTA POPULAR EN REDES SOCIALES<\/p>\n\n\n\n<p>BLOCKECON<\/p>\n\n\n\n<p>PRODUCTOR DEL A\u00d1O<\/p>\n\n\n\n<p>VICTOR R. SWAG<\/p>\n\n\n\n<p>CANCI\u00d3N DEL A\u00d1O<\/p>\n\n\n\n<p>CUCU, DE LENNIS RODRIGUEZ Y JUAN MAG\u00c1N<\/p>\n\n\n\n<p>VIDEOCLIP DEL A\u00d1O<\/p>\n\n\n\n<p>T\u00cdGUERE DE BARRIO REMIXdo<\/p>\n","protected":false},"excerpt":{"rendered":"<p>Madrid, Espa\u00f1a.&nbsp;Una ceremonia cargada de emociones, glamour y &nbsp;elegancia es&nbsp; lo que se vivi\u00f3 la tarde-noche del s\u00e1bado 9 de julio en el Centro Cultural Eduardo \u00darculo. A las 4:00 de la tarde inici\u00f3 la alfombra roja, donde desfilaron una lluvia de estrellas: artistas, empresarios, &nbsp;comunicadores, l\u00edderes comunitarios, y p\u00fablico en general. El espect\u00e1culo inicio [&hellip;]<\/p>\n","protected":false},"author":1,"featured_media":74381,"comment_status":"open","ping_status":"open","sticky":false,"template":"","format":"standard","meta":{"footnotes":""},"categories":[62,46,1,85],"tags":[],"class_list":["post-74380","post","type-post","status-publish","format-standard","has-post-thumbnail","hentry","category-cultura","category-dominicanos-en-madrid","category-entretenimiento","category-espana"],"_links":{"self":[{"href":"https:\/\/2horizontes.com\/index.php?rest_route=\/wp\/v2\/posts\/74380","targetHints":{"allow":["GET"]}}],"collection":[{"href":"https:\/\/2horizontes.com\/index.php?rest_route=\/wp\/v2\/posts"}],"about":[{"href":"https:\/\/2horizontes.com\/index.php?rest_route=\/wp\/v2\/types\/post"}],"author":[{"embeddable":true,"href":"https:\/\/2horizontes.com\/index.php?rest_route=\/wp\/v2\/users\/1"}],"replies":[{"embeddable":true,"href":"https:\/\/2horizontes.com\/index.php?rest_route=%2Fwp%2Fv2%2Fcomments&post=74380"}],"version-history":[{"count":1,"href":"https:\/\/2horizontes.com\/index.php?rest_route=\/wp\/v2\/posts\/74380\/revisions"}],"predecessor-version":[{"id":74383,"href":"https:\/\/2horizontes.com\/index.php?rest_route=\/wp\/v2\/posts\/74380\/revisions\/74383"}],"wp:featuredmedia":[{"embeddable":true,"href":"https:\/\/2horizontes.com\/index.php?rest_route=\/wp\/v2\/media\/74381"}],"wp:attachment":[{"href":"https:\/\/2horizontes.com\/index.php?rest_route=%2Fwp%2Fv2%2Fmedia&parent=74380"}],"wp:term":[{"taxonomy":"category","embeddable":true,"href":"https:\/\/2horizontes.com\/index.php?rest_route=%2Fwp%2Fv2%2Fcategories&post=74380"},{"taxonomy":"post_tag","embeddable":true,"href":"https:\/\/2horizontes.com\/index.php?rest_route=%2Fwp%2Fv2%2Ftags&post=74380"}],"curies":[{"name":"wp","href":"https:\/\/api.w.org\/{rel}","templated":true}]}}