{"id":74372,"date":"2022-06-27T22:24:48","date_gmt":"2022-06-27T21:24:48","guid":{"rendered":"http:\/\/2horizontes.com\/?p=74372"},"modified":"2022-06-27T22:24:49","modified_gmt":"2022-06-27T21:24:49","slug":"juez-aplaza-para-el-primero-de-agosto-audiencia-juicio-preliminar-caso-antipulpo","status":"publish","type":"post","link":"https:\/\/2horizontes.com\/?p=74372","title":{"rendered":"Juez aplaza para el primero de agosto audiencia juicio preliminar caso AntiPulpo"},"content":{"rendered":"\n<p>Fundaci\u00f3n se querell\u00f3 contra implicados en caso Antipulpo busca tribunal lo acepte como parte civil en el proceso<\/p>\n\n\n\n<p><strong>Ram\u00f3n Cruz Benz\u00e1n<\/strong><strong>Santo Domingo, RD<\/strong><\/p>\n\n\n\n<p>El juez del S\u00e9ptimo Juzgado de la Instrucci\u00f3n del Distrito Nacional,&nbsp;<strong>Deiby Timoteo Peguero,<\/strong>&nbsp;aplaz\u00f3 para el primero de agosto la audiencia del juicio preliminar&nbsp; del caso Antipulpo.<\/p>\n\n\n\n<p>Mientras\u00a0 que el tribunal conoce este lunes una objeci\u00f3n a un desistimiento del Ministerio P\u00fablico en torno a una\u00a0<strong>querella que fue interpuesta en contra de los\u00a0implicados\u00a0<\/strong>en el\u00a0 caso Antipulpo.<\/p>\n\n\n\n<p>En la audiencia la Fundaci\u00f3n Alfredo Novel, ubicada en Los Alcarrizos, busca que el tribunal lo tome en cuenta como parte civil constituida en el proceso seguido a los implicados en el caso, cuyo principal implicado es\u00a0<strong>Alexis Medina S\u00e1nchez<\/strong>, hermano del expresidente Danilo Medina.<\/p>\n\n\n\n<p>La querella fue interpuesta por el presidente de la Fundaci\u00f3n sin fines de lucro,&nbsp;<strong>Julio Cabrera Brito<\/strong>, en la Procuradur\u00eda Especializada de Persecuci\u00f3n de la Corrupci\u00f3n Administrativa (Pepca), la cual fue declarada inadmisible por su titular Wilson Camacho.<\/p>\n\n\n\n<p>Ante esa situaci\u00f3n, Cabrera Brito, Nelson Abreu Lebr\u00f3n y Dominga D\u00edaz M\u00e9ndez elevaron una instancia de objeci\u00f3n a la inadmisi\u00f3n de la querella emitida por el Ministerio P\u00fablico, ante el tribunal que conoce el juicio preliminar.<\/p>\n\n\n\n<p>En la audiencia, el Ministerio P\u00fablico representado por Mirna Ortiz, pidi\u00f3 al tribunal&nbsp;<strong>desestimar el pedido de la Fundaci\u00f3n<\/strong>&nbsp;por entender que no forma parte del proceso, ya que se constituy\u00f3 en actor civil designando a un equipo de abogados para que lo represente.<\/p>\n\n\n\n<p>Manifest\u00f3 que la querella fue presentada luego de que el Ministerio P\u00fablico ampliar\u00e1 la investigaci\u00f3n y presentar\u00e1 la solicitud de medida de coerci\u00f3n en contra de los imputados.<\/p>\n\n\n\n<p>Adem\u00e1s alega que la&nbsp;<strong>Fundaci\u00f3n no representa a la colectividad<\/strong>&nbsp;y que adem\u00e1s pretende&nbsp; ser resarcida econ\u00f3micamente, sobre da\u00f1os que no han sido afectado a su funci\u00f3n.<\/p>\n","protected":false},"excerpt":{"rendered":"<p>Fundaci\u00f3n se querell\u00f3 contra implicados en caso Antipulpo busca tribunal lo acepte como parte civil en el proceso Ram\u00f3n Cruz Benz\u00e1nSanto Domingo, RD El juez del S\u00e9ptimo Juzgado de la Instrucci\u00f3n del Distrito Nacional,&nbsp;Deiby Timoteo Peguero,&nbsp;aplaz\u00f3 para el primero de agosto la audiencia del juicio preliminar&nbsp; del caso Antipulpo. Mientras\u00a0 que el tribunal conoce este [&hellip;]<\/p>\n","protected":false},"author":1,"featured_media":74373,"comment_status":"open","ping_status":"open","sticky":false,"template":"","format":"standard","meta":{"footnotes":""},"categories":[44],"tags":[],"class_list":["post-74372","post","type-post","status-publish","format-standard","has-post-thumbnail","hentry","category-republica-dominicana"],"_links":{"self":[{"href":"https:\/\/2horizontes.com\/index.php?rest_route=\/wp\/v2\/posts\/74372","targetHints":{"allow":["GET"]}}],"collection":[{"href":"https:\/\/2horizontes.com\/index.php?rest_route=\/wp\/v2\/posts"}],"about":[{"href":"https:\/\/2horizontes.com\/index.php?rest_route=\/wp\/v2\/types\/post"}],"author":[{"embeddable":true,"href":"https:\/\/2horizontes.com\/index.php?rest_route=\/wp\/v2\/users\/1"}],"replies":[{"embeddable":true,"href":"https:\/\/2horizontes.com\/index.php?rest_route=%2Fwp%2Fv2%2Fcomments&post=74372"}],"version-history":[{"count":1,"href":"https:\/\/2horizontes.com\/index.php?rest_route=\/wp\/v2\/posts\/74372\/revisions"}],"predecessor-version":[{"id":74374,"href":"https:\/\/2horizontes.com\/index.php?rest_route=\/wp\/v2\/posts\/74372\/revisions\/74374"}],"wp:featuredmedia":[{"embeddable":true,"href":"https:\/\/2horizontes.com\/index.php?rest_route=\/wp\/v2\/media\/74373"}],"wp:attachment":[{"href":"https:\/\/2horizontes.com\/index.php?rest_route=%2Fwp%2Fv2%2Fmedia&parent=74372"}],"wp:term":[{"taxonomy":"category","embeddable":true,"href":"https:\/\/2horizontes.com\/index.php?rest_route=%2Fwp%2Fv2%2Fcategories&post=74372"},{"taxonomy":"post_tag","embeddable":true,"href":"https:\/\/2horizontes.com\/index.php?rest_route=%2Fwp%2Fv2%2Ftags&post=74372"}],"curies":[{"name":"wp","href":"https:\/\/api.w.org\/{rel}","templated":true}]}}