{"id":74362,"date":"2022-06-27T11:02:24","date_gmt":"2022-06-27T10:02:24","guid":{"rendered":"http:\/\/2horizontes.com\/?p=74362"},"modified":"2022-06-27T11:02:25","modified_gmt":"2022-06-27T10:02:25","slug":"haiti-miles-piden-jean-aristide-sea-el-presidente-de-transicion","status":"publish","type":"post","link":"https:\/\/2horizontes.com\/?p=74362","title":{"rendered":"HAITI: Miles piden Jean Aristide sea el presidente de transici\u00f3n"},"content":{"rendered":"\n<p>PUERTO PRINCIPE.- Miles de haitianos han salido este domingo a las calles de la capital de Hait\u00ed, Puerto Pr\u00edncipe, para pedir que el expresidente del pa\u00eds latinoamericano Jean Bertrand Aristide, se ponga al frente de la transici\u00f3n pol\u00edtica.<\/p>\n\n\n\n<p>Los manifestantes han coreado expresiones hostiles al actual Gobierno de Ariel Henry, que seg\u00fan los ciudadanos no toma medidas para restablecer la seguridad en el territorio nacional, tal y como ha informado la agencia de noticias AlterPresse.<\/p>\n\n\n\n<p>Asimismo, los manifestantes han rechazado los actos de criminalidad, incluidos los secuestros, la corrupci\u00f3n, el alto costo de vida y la mala gobernabilidad del pa\u00eds.<\/p>\n\n\n\n<p>Seg\u00fan la citada agencia, la manifestaci\u00f3n de este domingo se ha producido despu\u00e9s de reuniones que fueron iniciadas por miembros de la comunidad internacional y Ariel Henry con Aristide.<\/p>\n\n\n\n<p id=\"sc_ending_message\">El pa\u00eds vive un repunte de la violencia y, entre los meses de enero y junio, se han registrado m\u00e1s de 500 secuestros, un 36 por ciento m\u00e1s que en los \u00faltimos cinco meses de 2021, seg\u00fan datos de Naciones Unidas.Manifestantes \u00abno identificados\u00bb irrumpen el Ministerio de Desarrollo de Hait\u00ed para pedir ayudas econ\u00f3micas<\/p>\n\n\n\n<p>Desde el magnicidio del presidente, Jovenel Moise, la siempre convulsa situaci\u00f3n pol\u00edtica y econ\u00f3mica de Hait\u00ed se vio a\u00fan m\u00e1s golpeada. El vac\u00edo de poder degener\u00f3 en una crisis de seguridad, con asesinatos y secuestros a diario, sobre todo en amplias zonas de la capital.<\/p>\n\n\n\n<p>Adem\u00e1s, el mandato del primer ministro, Ariel Henry, termin\u00f3 oficialmente el 7 de febrero, lo que ha incrementado la crisis de legitimidad en el pa\u00eds y los problemas econ\u00f3micos, en medio del aumento de los ataques por parte de diversas bandas armadas.<\/p>\n\n\n\n<p>Henry cuando asumi\u00f3 el poder en 2021 prometi\u00f3 celebrar elecciones legislativas y presidenciales para finales de este a\u00f1o, sin embargo todav\u00eda no hay una fecha establecida.<\/p>\n\n\n\n<p>Aristide gan\u00f3 las elecciones presidenciales en 1990 y en 2000, siendo apartado del cargo en las dos ocasiones. En 2011, regres\u00f3 del exilio en Sud\u00e1frica y ha estado expuesto a la vida p\u00fablica desde entonces.<\/p>\n\n\n\n<p>sp-am\u00a1Comparte esta noticia!<\/p>\n","protected":false},"excerpt":{"rendered":"<p>PUERTO PRINCIPE.- Miles de haitianos han salido este domingo a las calles de la capital de Hait\u00ed, Puerto Pr\u00edncipe, para pedir que el expresidente del pa\u00eds latinoamericano Jean Bertrand Aristide, se ponga al frente de la transici\u00f3n pol\u00edtica. Los manifestantes han coreado expresiones hostiles al actual Gobierno de Ariel Henry, que seg\u00fan los ciudadanos no [&hellip;]<\/p>\n","protected":false},"author":1,"featured_media":74363,"comment_status":"open","ping_status":"open","sticky":false,"template":"","format":"standard","meta":{"footnotes":""},"categories":[47,43],"tags":[],"class_list":["post-74362","post","type-post","status-publish","format-standard","has-post-thumbnail","hentry","category-haiti","category-politica"],"_links":{"self":[{"href":"https:\/\/2horizontes.com\/index.php?rest_route=\/wp\/v2\/posts\/74362","targetHints":{"allow":["GET"]}}],"collection":[{"href":"https:\/\/2horizontes.com\/index.php?rest_route=\/wp\/v2\/posts"}],"about":[{"href":"https:\/\/2horizontes.com\/index.php?rest_route=\/wp\/v2\/types\/post"}],"author":[{"embeddable":true,"href":"https:\/\/2horizontes.com\/index.php?rest_route=\/wp\/v2\/users\/1"}],"replies":[{"embeddable":true,"href":"https:\/\/2horizontes.com\/index.php?rest_route=%2Fwp%2Fv2%2Fcomments&post=74362"}],"version-history":[{"count":1,"href":"https:\/\/2horizontes.com\/index.php?rest_route=\/wp\/v2\/posts\/74362\/revisions"}],"predecessor-version":[{"id":74364,"href":"https:\/\/2horizontes.com\/index.php?rest_route=\/wp\/v2\/posts\/74362\/revisions\/74364"}],"wp:featuredmedia":[{"embeddable":true,"href":"https:\/\/2horizontes.com\/index.php?rest_route=\/wp\/v2\/media\/74363"}],"wp:attachment":[{"href":"https:\/\/2horizontes.com\/index.php?rest_route=%2Fwp%2Fv2%2Fmedia&parent=74362"}],"wp:term":[{"taxonomy":"category","embeddable":true,"href":"https:\/\/2horizontes.com\/index.php?rest_route=%2Fwp%2Fv2%2Fcategories&post=74362"},{"taxonomy":"post_tag","embeddable":true,"href":"https:\/\/2horizontes.com\/index.php?rest_route=%2Fwp%2Fv2%2Ftags&post=74362"}],"curies":[{"name":"wp","href":"https:\/\/api.w.org\/{rel}","templated":true}]}}