{"id":74352,"date":"2022-06-27T10:39:59","date_gmt":"2022-06-27T09:39:59","guid":{"rendered":"http:\/\/2horizontes.com\/?p=74352"},"modified":"2022-06-27T10:40:00","modified_gmt":"2022-06-27T09:40:00","slug":"francia-senado-reconoce-artista-plastico-dominicano-vicente-pimentel","status":"publish","type":"post","link":"https:\/\/2horizontes.com\/?p=74352","title":{"rendered":"FRANCIA: Senado reconoce artista pl\u00e1stico dominicano Vicente Pimentel"},"content":{"rendered":"\n<p>PARIS.- El Senado de Francia entreg\u00f3 el pasado martes siete de junio una medalla de reconocimiento al artista pl\u00e1stico dominicano Vicente Pimentel, en un acto celebrado en el senado de Francia, y que estuvo encabezado por el presidente de esta c\u00e1mara legislativa, se\u00f1or G\u00e9rard Larcher.<\/p>\n\n\n\n<p>El reconocimiento fue realizado en el marco de la Semana de Am\u00e9rica Latina y el Caribe 2022, en la cual la Embajada de la Rep\u00fablica Dominicana en Francia seleccion\u00f3 al artista dominicano en reconocimiento a su trayectoria y aportes al desarrollo del arte y la cultura en Francia. Se trata del reconocimiento m\u00e1s alto que otorga el senado de Francia a los aportes de un nacional de Latinoam\u00e9rica y el Caribe.<\/p>\n\n\n\n<p>En el acto estuvieron presentes la embajadora dominicana en Francia, su excelencia Rosa Hern\u00e1ndez de Grull\u00f3n; la ministra consejera, Mar\u00eda Carolina Mej\u00eda; embajadores de pa\u00edses de Latinoam\u00e9rica y el Caribe, as\u00ed como otros galardonados de la regi\u00f3n. En el acto, el presidente del senado pronunci\u00f3 las palabras de bienvenida, al tiempo que valor\u00f3 la trayectoria del pintor Pimentel.<\/p>\n\n\n\n<p>En relaci\u00f3n, al otorgar este importante reconocimiento, el senado franc\u00e9s toma en cuenta criterios de calificaci\u00f3n como la permanente aportaci\u00f3n, la trayectoria y su v\u00ednculo con Francia, el pa\u00eds que le ha acogido.<\/p>\n\n\n\n<p><strong>Trayectoria&nbsp;<\/strong><\/p>\n\n\n\n<p>Estudi\u00f3 en la Escuela Nacional de Bellas Artes, ampliando sus conocimientos en Marsella y en Par\u00eds, Francia. Ha obtenido premios importantes en concursos y bienales celebrados en la Rep\u00fablica Dominicana, adem\u00e1s del premio Ville de V\u00edrtry, obtenido en 1982 en Francia. Ha expuesto individualmente en Par\u00eds, Estocolmo y Santo Domingo, y en forma colectiva en Madrid, Par\u00eds, Estocolmo, islas Canarias, Londres, La Habana, Rijeka<\/p>\n\n\n\n<p><strong>Biograf\u00eda&nbsp;<\/strong><\/p>\n\n\n\n<p>Nacido en Santo Domingo en 1947, Vicente Pimentel complet\u00f3 su formaci\u00f3n art\u00edstica en la Escuela Nacional de Bellas Artes de la Rep\u00fablica Dominicana, mismo lugar donde posteriormente trabaj\u00f3 como profesor de dise\u00f1o de 1969 a 1971.<\/p>\n\n\n\n<p>Vicente Pimentel siempre ha mostrado un gran inter\u00e9s por sensibilizar a los ni\u00f1os sobre el arte. Y aunque reconoce la importancia de la ense\u00f1anza de la historia del arte y el poder sensible de las obras vistas, no disocia el conocimiento de la pr\u00e1ctica. Para \u00e9l, esta familiaridad es para todos.<\/p>\n\n\n\n<p>Por eso, como pintor, inici\u00f3 la pr\u00e1ctica de recibir a los ni\u00f1os con l\u00e1pices de colores en los museos. Esta primera apertura de un museo al trabajo pr\u00e1ctico de los ni\u00f1os no es una cuesti\u00f3n de \u00abcopia\u00bb tuvo lugar en el Museo de Monumentos Franceses, Palacio del Trocadero, en los a\u00f1os 80 en beneficio de los alumnos de una peque\u00f1a escuela primaria de un pueblecito de Loz\u00e8re, el de Chabrits. Y esta aventura ha continuado.<\/p>\n\n\n\n<p>Vicente Pimentel siempre se ha preocupado por mostrar y compartir su obra, una obra tan po\u00e9tica. Con mucha humildad, pero tambi\u00e9n su gran dominio del arte pict\u00f3rico, su voluntad de escribir su obra en una continuidad y en v\u00ednculo directo con su entorno.<\/p>\n\n\n\n<p>Vicente Pimentel en coordinaci\u00f3n con las universidades de Par\u00eds I \u2013 Panth\u00e9on Sorbonne, UFR de Historia, y la Universidad de Versalles Saint Quentin, en Yvelines (UVSQ), en el marco de las salidas de campo con el tema del patrimonio y la memoria, los alumnos del M\u00e1ster fueron acogidos en la colmena art\u00edstica que es el antiguo Frigos pero tambi\u00e9n un encuentro, en este mismo lugar, del artista en su estudio.<\/p>\n\n\n\n<p>Los alumnos pudieron descubrir algunas de las obras, pero a\u00fan m\u00e1s, acercarse a la creaci\u00f3n art\u00edstica de un gran artista que les permiti\u00f3 descubrir y cuestionar una obra en curso. Los animados intercambios permitieron a los estudiantes vivir una experiencia \u00fanica, la de vislumbrar la creaci\u00f3n art\u00edstica.<\/p>\n\n\n\n<p>Para Vicente Pimentel, estos encuentros e intercambios le permitieron abrir su obra a un gran n\u00famero de j\u00f3venes, para transmitir su enfoque existencial y art\u00edstico.<\/p>\n\n\n\n<p>Durante a\u00f1os, Vicente Pimentel ha tenido la amabilidad de acoger a muchos grupos en su estudio y demostrar as\u00ed la necesidad del arte, lo que se le agradece cari\u00f1osamente. Estos \u00faltimos estudiantes estaban form\u00e1ndose en Mediaci\u00f3n Cultural.\u00a1Comparte esta noticia!<\/p>\n","protected":false},"excerpt":{"rendered":"<p>PARIS.- El Senado de Francia entreg\u00f3 el pasado martes siete de junio una medalla de reconocimiento al artista pl\u00e1stico dominicano Vicente Pimentel, en un acto celebrado en el senado de Francia, y que estuvo encabezado por el presidente de esta c\u00e1mara legislativa, se\u00f1or G\u00e9rard Larcher. El reconocimiento fue realizado en el marco de la Semana [&hellip;]<\/p>\n","protected":false},"author":1,"featured_media":74353,"comment_status":"open","ping_status":"open","sticky":false,"template":"","format":"standard","meta":{"footnotes":""},"categories":[62,86,43,44],"tags":[],"class_list":["post-74352","post","type-post","status-publish","format-standard","has-post-thumbnail","hentry","category-cultura","category-europa","category-politica","category-republica-dominicana"],"_links":{"self":[{"href":"https:\/\/2horizontes.com\/index.php?rest_route=\/wp\/v2\/posts\/74352","targetHints":{"allow":["GET"]}}],"collection":[{"href":"https:\/\/2horizontes.com\/index.php?rest_route=\/wp\/v2\/posts"}],"about":[{"href":"https:\/\/2horizontes.com\/index.php?rest_route=\/wp\/v2\/types\/post"}],"author":[{"embeddable":true,"href":"https:\/\/2horizontes.com\/index.php?rest_route=\/wp\/v2\/users\/1"}],"replies":[{"embeddable":true,"href":"https:\/\/2horizontes.com\/index.php?rest_route=%2Fwp%2Fv2%2Fcomments&post=74352"}],"version-history":[{"count":1,"href":"https:\/\/2horizontes.com\/index.php?rest_route=\/wp\/v2\/posts\/74352\/revisions"}],"predecessor-version":[{"id":74354,"href":"https:\/\/2horizontes.com\/index.php?rest_route=\/wp\/v2\/posts\/74352\/revisions\/74354"}],"wp:featuredmedia":[{"embeddable":true,"href":"https:\/\/2horizontes.com\/index.php?rest_route=\/wp\/v2\/media\/74353"}],"wp:attachment":[{"href":"https:\/\/2horizontes.com\/index.php?rest_route=%2Fwp%2Fv2%2Fmedia&parent=74352"}],"wp:term":[{"taxonomy":"category","embeddable":true,"href":"https:\/\/2horizontes.com\/index.php?rest_route=%2Fwp%2Fv2%2Fcategories&post=74352"},{"taxonomy":"post_tag","embeddable":true,"href":"https:\/\/2horizontes.com\/index.php?rest_route=%2Fwp%2Fv2%2Ftags&post=74352"}],"curies":[{"name":"wp","href":"https:\/\/api.w.org\/{rel}","templated":true}]}}