{"id":74317,"date":"2022-06-06T22:18:33","date_gmt":"2022-06-06T21:18:33","guid":{"rendered":"http:\/\/2horizontes.com\/?p=74317"},"modified":"2022-06-06T22:18:34","modified_gmt":"2022-06-06T21:18:34","slug":"autoridades-trasladan-a-miguel-cruz-de-iglesia-donde-se-refugio-tras-matar-a-orlando-jorge-mera","status":"publish","type":"post","link":"https:\/\/2horizontes.com\/?p=74317","title":{"rendered":"Autoridades trasladan a Miguel Cruz de iglesia donde se refugi\u00f3 tras matar a Orlando Jorge Mera"},"content":{"rendered":"\n<p><strong>Redacci\u00f3n Digital<\/strong><strong>Santo Domingo, RD<\/strong><\/p>\n\n\n\n<p>Las autoridades&nbsp; trasladaron al presunto asesino del ministro de Medio Ambiente, de una iglesia donde se encontraba en el sector Enriquillo.&nbsp;<\/p>\n\n\n\n<p><strong>Miguel Cruz, quien presuntamente propin\u00f3 varios disparos a Jorge Mera<\/strong>, se encontraba en la Parroquia Jesuscristo Sumo y Eterno Sacerdote, en el sector Enriquillo, del Distrito Nacional.<\/p>\n\n\n\n<p>Hasta el momento se desconoce a d\u00f3nde fue trasladado.&nbsp;<\/p>\n\n\n\n<p>De acuerdo con Luis\u00edn J\u00edmenez, quien habl\u00f3 en nombre del padre de la iglesia, Cruz fue al templo cerca del mediod\u00eda y le dijo al padre \u00abvine aqu\u00ed porque acabo de matar a una persona\u00bb.<\/p>\n\n\n\n<p>A su salida de la iglesia Cruz estuvo junto a Yeni Berenice, procuradora adjunta.<\/p>\n\n\n\n<p>De acuerdo con familiares de Jorge Mera, Miguel Cruz era amigo cercano del fenecido ministro.<\/p>\n\n\n\n<p>Las autoridades indicaron que las circunstancias est\u00e1n bajo investigaci\u00f3n.<\/p>\n\n\n\n<p>Diversas figuras de la pol\u00edtica han lamentado la muerte del ministro.<\/p>\n\n\n\n<p>\u00abEn nombre del Gobierno y del presidente de la Rep\u00fablica, Luis Abinader, expresamos nuestras m\u00e1s profundas condolencias a la familia Mera Villegas por el fallecimiento del Ministro de Medioambiente, Orlando Jorge Mera\u201d, comunic\u00f3 este lunes&nbsp;Homero Figueroa, vocero del presidente Abinader y director de Estrategia y Comunicaci\u00f3n Gubernamental\u00bb, indica un comunicado oficial de la Presidencia de la Rep\u00fablica.<\/p>\n\n\n\n<figure class=\"wp-block-embed is-type-rich is-provider-gestor-del-servicio wp-block-embed-gestor-del-servicio\"><div class=\"wp-block-embed__wrapper\">\nhttps:\/\/youtube.com\/watch?v=bzmrJQGzoXUTags\n<\/div><\/figure>\n","protected":false},"excerpt":{"rendered":"<p>Redacci\u00f3n DigitalSanto Domingo, RD Las autoridades&nbsp; trasladaron al presunto asesino del ministro de Medio Ambiente, de una iglesia donde se encontraba en el sector Enriquillo.&nbsp; Miguel Cruz, quien presuntamente propin\u00f3 varios disparos a Jorge Mera, se encontraba en la Parroquia Jesuscristo Sumo y Eterno Sacerdote, en el sector Enriquillo, del Distrito Nacional. Hasta el momento [&hellip;]<\/p>\n","protected":false},"author":1,"featured_media":74319,"comment_status":"open","ping_status":"open","sticky":true,"template":"","format":"standard","meta":{"footnotes":""},"categories":[43,44],"tags":[],"class_list":["post-74317","post","type-post","status-publish","format-standard","has-post-thumbnail","hentry","category-politica","category-republica-dominicana"],"_links":{"self":[{"href":"https:\/\/2horizontes.com\/index.php?rest_route=\/wp\/v2\/posts\/74317","targetHints":{"allow":["GET"]}}],"collection":[{"href":"https:\/\/2horizontes.com\/index.php?rest_route=\/wp\/v2\/posts"}],"about":[{"href":"https:\/\/2horizontes.com\/index.php?rest_route=\/wp\/v2\/types\/post"}],"author":[{"embeddable":true,"href":"https:\/\/2horizontes.com\/index.php?rest_route=\/wp\/v2\/users\/1"}],"replies":[{"embeddable":true,"href":"https:\/\/2horizontes.com\/index.php?rest_route=%2Fwp%2Fv2%2Fcomments&post=74317"}],"version-history":[{"count":1,"href":"https:\/\/2horizontes.com\/index.php?rest_route=\/wp\/v2\/posts\/74317\/revisions"}],"predecessor-version":[{"id":74320,"href":"https:\/\/2horizontes.com\/index.php?rest_route=\/wp\/v2\/posts\/74317\/revisions\/74320"}],"wp:featuredmedia":[{"embeddable":true,"href":"https:\/\/2horizontes.com\/index.php?rest_route=\/wp\/v2\/media\/74319"}],"wp:attachment":[{"href":"https:\/\/2horizontes.com\/index.php?rest_route=%2Fwp%2Fv2%2Fmedia&parent=74317"}],"wp:term":[{"taxonomy":"category","embeddable":true,"href":"https:\/\/2horizontes.com\/index.php?rest_route=%2Fwp%2Fv2%2Fcategories&post=74317"},{"taxonomy":"post_tag","embeddable":true,"href":"https:\/\/2horizontes.com\/index.php?rest_route=%2Fwp%2Fv2%2Ftags&post=74317"}],"curies":[{"name":"wp","href":"https:\/\/api.w.org\/{rel}","templated":true}]}}