{"id":74246,"date":"2021-12-13T23:24:55","date_gmt":"2021-12-13T22:24:55","guid":{"rendered":"http:\/\/2horizontes.com\/?p=74246"},"modified":"2021-12-13T23:24:58","modified_gmt":"2021-12-13T22:24:58","slug":"muere-veronica-forque-a-los-66-anos","status":"publish","type":"post","link":"https:\/\/2horizontes.com\/?p=74246","title":{"rendered":"Muere Ver\u00f3nica Forqu\u00e9 a los 66 a\u00f1os"},"content":{"rendered":"\n<p><br>La actriz de &#8216;Kika&#8217; y &#8216;Bajarse al moro&#8217; ha sido hallada sin vida en su casa de Madrid por los servicios de urgencia\u00a0<\/p>\n\n\n\n<p><strong>Ver\u00f3nica Forqu\u00e9,\u00a0<\/strong>una de las actrices m\u00e1s populares del cine espa\u00f1ol, ha muerto a los 66 a\u00f1os. El cuerpo de la int\u00e9rprete de<em><strong>Kika, La vida alegre<\/strong>\u00a0<\/em>y\u00a0<em><strong>Bajarse al moro<\/strong>,\u00a0<\/em>entre otros muchos t\u00edtulos, ha sido hallado por los servicios de urgencia del Summa 112 en su casa de Madrid, en el distrito de Chamart\u00edn, despu\u00e9s de que una persona alertara al 112\u00a0 de que la actriz se hab\u00eda quitado la vida.<\/p>\n\n\n\n<p id=\"m152-151-153\">La Polic\u00eda Nacional ha hallado el cad\u00e1ver en su domicilio de Chamart\u00edn y fuentes de la investigaci\u00f3n confirman a\u00a0<em>Europa Press<\/em>\u00a0que la actriz se habr\u00eda quitado la vida.\u00a0<\/p>\n\n\n\n<figure class=\"wp-block-image\"><img decoding=\"async\" src=\"https:\/\/imagenes.20minutos.es\/files\/article_default_content\/uploads\/imagenes\/2021\/12\/13\/portal-del-domicilio-de-veronica-forque.jpeg\" alt=\"Portal del domicilio de Ver\u00f3nica Forqu\u00e9.\"\/><figcaption>Portal del domicilio de Ver\u00f3nica Forqu\u00e9.<\/figcaption><\/figure>\n\n\n\n<p id=\"m184-183-185\">Tras conocerse la triste noticia del fallecimiento de Ver\u00f3nica Forqu\u00e9, el mundo del cine no ha tardado en responder. Decenas de compa\u00f1eros de profesi\u00f3n, entre ellos Banderas y Almod\u00f3var, han querido dedicar unas palabras a una de las grandes leyendas del cine espa\u00f1ol.\u00a0\u00abUna mujer dulce, espiritual y buena compa\u00f1era\u00bb. Tambi\u00e9n compa\u00f1eros de su periplo televisivo en Masterchef han despedido a la artista.<\/p>\n\n\n\n<p id=\"m189-188-190\">\u00abYo tuve una depresi\u00f3n muy grande, porque hab\u00eda estado muchos a\u00f1os viviendo en pareja, y, adem\u00e1s, tenemos una hija maravillosa.\u00a0Pero dej\u00e9 de quererle. Se acab\u00f3 y se acab\u00f3\u00bb, contaba en abril de 2020 en el programa de TVE Entre ovejas. La actriz hablaba de la mala etapa personal que atraves\u00f3 en 2014, cuando se separ\u00f3 de Manuel Iborra, con quien hab\u00eda estado 34 a\u00f1os.<\/p>\n\n\n\n<h2 class=\"wp-block-heading\" id=\"m194-193-195\">Una carrera de \u00e9xitos<\/h2>\n\n\n\n<figure class=\"wp-block-image\"><a href=\"https:\/\/www.20minutos.es\/imagenes\/cinemania\/muere-veronica-forque-una-grande-de-la-escena-que-rejuvenecio-entre-fogones-4923779\/\"><img decoding=\"async\" src=\"https:\/\/imagenes.20minutos.es\/files\/image_656_370\/uploads\/imagenes\/2021\/11\/30\/jose-rodriguez-y-veronica-forque-en-masterchef.jpeg\" alt=\"Jos\u00e9 Rodr\u00edguez y Ver\u00f3nica Forqu\u00e9, en 'MasterChef'.\"\/><\/a><\/figure>\n\n\n\n<p>Muere Ver\u00f3nica Forqu\u00e9: una grande de la escena que rejuveneci\u00f3 entre fogones<\/p>\n\n\n\n<p id=\"m233-232-234\">Nacida en 1955, hija del director de cine\u00a0<strong>Jos\u00e9 Mar\u00eda Forqu\u00e9\u00a0<\/strong>y de la escritora\u00a0<strong>Carmen V\u00e1zquez-Vigo,\u00a0Forqu\u00e9 debut\u00f3 con un papel no acreditado en\u00a0<em>Mi querida se\u00f1orita\u00a0<\/em>(Jaime de Armi\u00f1\u00e1n, 1972)<\/strong>. A continuaci\u00f3n intervino en varios filmes dirigidos por su padre, tales como\u00a0<strong><em>Una pareja\u2026 distinta<\/em>\u00a0<\/strong>(1974),\u00a0<em><strong>Madrid, Costa Fleming<\/strong><\/em>\u00a0y\u00a0<strong><em>El segundo poder<\/em>\u00a0<\/strong>(ambas de 1976), paralelamente a t\u00edtulos como<em><strong>\u00a0La guerra de pap\u00e1<\/strong>\u00a0<\/em>(1977) o\u00a0<em><strong>Las truchas<\/strong>\u00a0<\/em>(1978)y\u00a0varias series hasta que su papel de Cristal, la amable prostituta creada por\u00a0<strong>Pedro Almod\u00f3var\u00a0<\/strong>en\u00a0<em><strong>\u00bfQu\u00e9 he hecho yo para merecer esto!\u00a0<\/strong><\/em>(1984) le proporcion\u00f3 un aplauso un\u00e1nime.\u00a0<\/p>\n\n\n\n<p id=\"m238-237-239\">Forqu\u00e9 hab\u00eda estudiado arte dram\u00e1tico y psicolog\u00eda, sin que nunca llegara a terminar esta carrera, y a lo largo de su trayectoria como actriz fue nominada en cinco ocasiones al Goya, ganando cuatro de ellas. Su aparici\u00f3n en&nbsp;<em>\u00bfQu\u00e9 he hecho yo para merecer esto!&nbsp;<\/em>supuso el pistoletazo de salida para sus a\u00f1os de mayor \u00e9xito, cuando en 1986 obtuvo su primer gran premio a Mejor actriz de reparto en&nbsp;<em><strong>El a\u00f1o de las luces<\/strong><\/em>. Supon\u00eda su segunda colaboraci\u00f3n con&nbsp;<strong>Fernando Trueba<\/strong>, con quien un a\u00f1o antes hab\u00eda trabajado en&nbsp;<em><strong>S\u00e9 infiel y no mires con qui\u00e9n&nbsp;<\/strong><\/em>convirti\u00e9ndose en uno de los rostros principales de la llamada comedia madrile\u00f1a.<\/p>\n\n\n\n<p id=\"m243-242-244\">En 1987, con el triunfo a\u00fan fresco de&nbsp;<em>El a\u00f1o de las luces<\/em>, Forqu\u00e9 hizo historia en los Goya al ganar dos estatuillas en la misma edici\u00f3n. Lo hizo por&nbsp;<em>La vida alegre&nbsp;<\/em>(Mejor actriz protagonista) y&nbsp;<em>Moros y cristianos<\/em>&nbsp;(de reparto), poni\u00e9ndose en esta \u00faltima a las \u00f3rdenes del legendario&nbsp;<strong>Luis Garc\u00eda Berlanga<\/strong>&nbsp;y sentando un precedente que solo continuar\u00eda&nbsp;<strong>Emma Su\u00e1rez&nbsp;<\/strong>treinta a\u00f1os despu\u00e9s, cuando combin\u00f3 las victorias de<em><strong>&nbsp;La pr\u00f3xima piel&nbsp;<\/strong><\/em>y<em><strong>&nbsp;Julieta<\/strong><\/em>. La racha de Forqu\u00e9 se prolongar\u00eda poco despu\u00e9s, en 1989, al ser nominada a Mejor actriz por&nbsp;<em>Bajarse al moro<\/em>, adaptaci\u00f3n de una obra de teatro de&nbsp;<strong>Jos\u00e9 Luis Alonso de Santos<\/strong>&nbsp;que prolongaba su asociaci\u00f3n con&nbsp;<strong>Fernando Colomo<\/strong>&nbsp;tras la citada&nbsp;<em>La vida alegre<\/em>.<\/p>\n\n\n\n<figure class=\"wp-block-image\"><a href=\"https:\/\/www.20minutos.es\/viajes\/actualidad\/viajes-india-fascinaron-veronica-forque-4923867\/\"><img decoding=\"async\" src=\"https:\/\/imagenes.20minutos.es\/files\/image_656_370\/uploads\/imagenes\/2021\/12\/13\/la-india-era-uno-de-los-destinos-favoritos-de-la-actriz-veronica-forque.jpeg\" alt=\"La India era uno de los destinos favoritos de la actriz Ver\u00f3nica Forqu\u00e9\"\/><\/a><\/figure>\n\n\n\n<p>Los viajes por la India que fascinaron a Ver\u00f3nica Forqu\u00e9<\/p>\n\n\n\n<p id=\"m282-281-283\">Forqu\u00e9 repetir\u00eda con Colomo en&nbsp;<em><strong>Alegre ma non troppo<\/strong><\/em>, ya entrados los 90, pero antes tendr\u00eda tiempo de trabajar con otra figura imprescindible del cine espa\u00f1ol:&nbsp;<strong>Basilio Mart\u00edn Patino<\/strong>. En 1987 Forqu\u00e9 protagoniz\u00f3&nbsp;<em><strong>Madrid<\/strong><\/em>, donde el firmante de&nbsp;<em><strong>Nueve cartas a Berta<\/strong><\/em>&nbsp;reflexionaba sobre la capital y la Guerra Civil, siendo este mismo a\u00f1o cuando inaugurar\u00eda su asociaci\u00f3n con&nbsp;<strong>Manuel Iborra<\/strong>, quien ser\u00eda su marido entre 1981 y 2014. Forqu\u00e9 protagoniz\u00f3&nbsp;<em><strong>Ca\u00edn<\/strong><\/em>, y luego vendr\u00edan t\u00edtulos como<em><strong>&nbsp;El tiempo de la felicidad<\/strong><\/em>&nbsp;(1997),&nbsp;<em><strong>Pepe Guindo<\/strong><\/em>&nbsp;(1999),&nbsp;<em><strong>Clara y Elena<\/strong><\/em>&nbsp;(2001) y&nbsp;<em><strong>La dama boba&nbsp;<\/strong><\/em>(2006), todos firmados por Iborra.<\/p>\n\n\n\n<p id=\"m287-286-288\">Luego de<em>&nbsp;\u00bfQu\u00e9 he hecho yo para merecer esto!<\/em>, Forqu\u00e9 repiti\u00f3 con Almod\u00f3var en&nbsp;<em><strong>Matador<\/strong><\/em>&nbsp;y en su controvertida<em><strong>&nbsp;Kika<\/strong><\/em>. La actriz fue protagonista absoluta de esta comedia de 1993, por la que obtendr\u00eda su cuarto premio Goya ya convertida en un nombre imprescindible de la industria. Por entonces hab\u00eda encontrado otro director con quien se sent\u00eda c\u00f3moda actuando:&nbsp;<strong>Manuel G\u00f3mez Pereira<\/strong>. A sus \u00f3rdenes trabaj\u00f3 en<em><strong>&nbsp;Salsa rosa<\/strong><\/em>&nbsp;(1991),&nbsp;<em><strong>\u00bfPor qu\u00e9 lo llaman amor cuando quieren decir sexo?<\/strong><\/em>&nbsp;(1993) y&nbsp;<em><strong>Reinas<\/strong><\/em>&nbsp;(2005), colaborando nuevamente con&nbsp;<strong>Antonio Mercero&nbsp;<\/strong>tras&nbsp;<em>La guerra de pap\u00e1<\/em>&nbsp;en&nbsp;<em><strong>Don Juan, mi querido fantasma<\/strong><\/em>&nbsp;(1990) y protagonizando el filme de&nbsp;<strong>Mario Camus<\/strong>&nbsp;<em><strong>Amor propio<\/strong><\/em>, de 1994.<\/p>\n\n\n\n<figure class=\"wp-block-image\"><a href=\"https:\/\/www.20minutos.es\/noticia\/4923834\/0\/por-que-abandono-veronica-forque-masterchef-celebrity-6\/\"><img decoding=\"async\" src=\"https:\/\/imagenes.20minutos.es\/files\/image_656_370\/uploads\/imagenes\/2021\/11\/23\/veronica-forque-renunciando-a-masterchef.png\" alt=\"Ver\u00f3nica Forqu\u00e9 renunciando anoche a 'MasterChef'\"\/><\/a><\/figure>\n\n\n\n<p>Por qu\u00e9 abandon\u00f3 Ver\u00f3nica Forqu\u00e9 &#8216;MasterChef Celebrity 6&#8217;<\/p>\n\n\n\n<p id=\"m326-325-327\">A mediados de d\u00e9cada triunf\u00f3 en televisi\u00f3n coprotagonizando<em><strong>&nbsp;Pepa y Pepe&nbsp;<\/strong><\/em>junto a&nbsp;<strong>Tito Valverde,<\/strong>&nbsp;y lindando los 2000 hizo varias apariciones en&nbsp;<em><strong>El club de la comedia<\/strong><\/em>. En sus \u00faltimos a\u00f1os Forqu\u00e9 increment\u00f3 su presencia dentro de las series de televisi\u00f3n, como atestiguan sus papeles en&nbsp;<em><strong>Amar es para siempre, La que se avecina, Se\u00f1oras del (h)AMPA<\/strong><\/em>&nbsp;o&nbsp;<em><strong>Cap\u00edtulo 0<\/strong><\/em>, manteniendo su afici\u00f3n por la comedia al hilo de&nbsp;<em><strong>Toc Toc&nbsp;<\/strong><\/em>en 2017 o<em><strong>&nbsp;Salir del ropero&nbsp;<\/strong><\/em>en 2019. Precisamente uno de sus \u00faltimos papeles fue en<em><strong>&nbsp;A mil kil\u00f3metros de la Navidad<\/strong><\/em>, primera comedia navide\u00f1a de producci\u00f3n espa\u00f1ola auspiciada por Netflix, que se incorporar\u00eda al cat\u00e1logo este mismo<strong>&nbsp;24 de diciembre.<\/strong><\/p>\n\n\n\n<p id=\"m331-330-332\">M\u00e1s all\u00e1 de la ficci\u00f3n y de sus aportaciones al teatro (dirigiendo varias obras como<strong>&nbsp;<em>La tentaci\u00f3n vive arriba<\/em>&nbsp;<\/strong>o&nbsp;<em><strong>Espa\u00f1olas, Franco ha muerto<\/strong><\/em>, estrenada el a\u00f1o pasado), en meses reciente el apellido de Forqu\u00e9 se mantuvo de actualidad a cuenta de su presencia como concursante en&nbsp;<em><strong>Masterchef Celebrity<\/strong><\/em>. En el marco de este programa, de hecho, habl\u00f3 varias veces sobre su salud mental y sus depresiones, llegando a abandonar la \u00faltima edici\u00f3n por problemas de esta \u00edndole.<\/p>\n\n\n\n<p id=\"m336-335-337\"><strong>\u201cMi cuerpo ha dicho basta\u201d<\/strong>, declar\u00f3 al anunciar su salida, decidida poco antes de su muerte.&nbsp;<strong>\u201cNo tengo buenas noticias. No me encuentro bien, estoy agotada\u201d.<\/strong><\/p>\n","protected":false},"excerpt":{"rendered":"<p>La actriz de &#8216;Kika&#8217; y &#8216;Bajarse al moro&#8217; ha sido hallada sin vida en su casa de Madrid por los servicios de urgencia\u00a0 Ver\u00f3nica Forqu\u00e9,\u00a0una de las actrices m\u00e1s populares del cine espa\u00f1ol, ha muerto a los 66 a\u00f1os. El cuerpo de la int\u00e9rprete deKika, La vida alegre\u00a0y\u00a0Bajarse al moro,\u00a0entre otros muchos t\u00edtulos, ha sido [&hellip;]<\/p>\n","protected":false},"author":1,"featured_media":74247,"comment_status":"open","ping_status":"open","sticky":false,"template":"","format":"standard","meta":{"footnotes":""},"categories":[85,45],"tags":[],"class_list":["post-74246","post","type-post","status-publish","format-standard","has-post-thumbnail","hentry","category-espana","category-salud"],"_links":{"self":[{"href":"https:\/\/2horizontes.com\/index.php?rest_route=\/wp\/v2\/posts\/74246","targetHints":{"allow":["GET"]}}],"collection":[{"href":"https:\/\/2horizontes.com\/index.php?rest_route=\/wp\/v2\/posts"}],"about":[{"href":"https:\/\/2horizontes.com\/index.php?rest_route=\/wp\/v2\/types\/post"}],"author":[{"embeddable":true,"href":"https:\/\/2horizontes.com\/index.php?rest_route=\/wp\/v2\/users\/1"}],"replies":[{"embeddable":true,"href":"https:\/\/2horizontes.com\/index.php?rest_route=%2Fwp%2Fv2%2Fcomments&post=74246"}],"version-history":[{"count":1,"href":"https:\/\/2horizontes.com\/index.php?rest_route=\/wp\/v2\/posts\/74246\/revisions"}],"predecessor-version":[{"id":74248,"href":"https:\/\/2horizontes.com\/index.php?rest_route=\/wp\/v2\/posts\/74246\/revisions\/74248"}],"wp:featuredmedia":[{"embeddable":true,"href":"https:\/\/2horizontes.com\/index.php?rest_route=\/wp\/v2\/media\/74247"}],"wp:attachment":[{"href":"https:\/\/2horizontes.com\/index.php?rest_route=%2Fwp%2Fv2%2Fmedia&parent=74246"}],"wp:term":[{"taxonomy":"category","embeddable":true,"href":"https:\/\/2horizontes.com\/index.php?rest_route=%2Fwp%2Fv2%2Fcategories&post=74246"},{"taxonomy":"post_tag","embeddable":true,"href":"https:\/\/2horizontes.com\/index.php?rest_route=%2Fwp%2Fv2%2Ftags&post=74246"}],"curies":[{"name":"wp","href":"https:\/\/api.w.org\/{rel}","templated":true}]}}