{"id":74240,"date":"2021-11-30T13:22:53","date_gmt":"2021-11-30T12:22:53","guid":{"rendered":"http:\/\/2horizontes.com\/?p=74240"},"modified":"2021-11-30T13:22:58","modified_gmt":"2021-11-30T12:22:58","slug":"conoceran-hoy-habeas-corpus-interpuso-exjefe-seguridad-dm","status":"publish","type":"post","link":"https:\/\/2horizontes.com\/?p=74240","title":{"rendered":"Cono\u00adcer\u00e1n hoy habeas corpus interpuso exjefe seguri\u00addad DM"},"content":{"rendered":"\n<p>SANTO DOMINGO.- La Segunda Sala Penal del Distrito Nacional cono\u00adcer\u00e1 este martes un recur\u00adso de habeas corpus inter\u00adpuesto por el exjefe de seguri\u00addad del expresidente Da\u00adnilo Medina, exgeneral Julio Camilo de los Santos Vio\u00adla, implicado en el caso Coral 5G.<\/p>\n\n\n\n<p>En la audiencia, fijada para las 9:00 de la ma\u00f1a\u00adna, el tribunal quien deber\u00e1 decidir sobre la suerte de De los Santos Vio\u00adla, recluido en la c\u00e1rcel pre\u00adventiva del Palacio de Jus\u00adticia de Ciudad Nueva.<\/p>\n\n\n\n<p>Tambi\u00e9n este martes, la jueza Kenya Romero,&nbsp;del juzgado de Atenci\u00f3n Per\u00admanente del Distrito Na\u00adcional, co\u00adnocer\u00e1 la solicitud de medida de coerci\u00f3n con\u00adtra los implicados en el caso Coral 5G, en el cual figuran, adem\u00e1s de De&nbsp;los Santos Viola, el gene\u00adral Juan Carlos Torres Robiou, Boanerges Re\u00adyes Batista, el coronel Kelman Santana Mart\u00ed\u00adnez (ERD), el capit\u00e1n de nav\u00edo Franklin Antonio Mata Flores (ARD), los coroneles Carlos Augus\u00adto Lantigua Cruz, Yehu\u00addy Blandesmil Guzm\u00e1n Alc\u00e1ntara, Miguel Ven\u00adtura Pichardo (FARD) y el teniente coronel Eras\u00admo Roger P\u00e9rez N\u00fa\u00f1ez (FARD).<\/p>\n\n\n\n<p>Asimismo, el teniente coronel Kelman Santana Mart\u00ednez (ERD) y el ma\u00adyor Jos\u00e9 Manuel Rosario Pir\u00f3n (PN). Igualmente, el primer teniente Jeho\u00adhanan Luc\u00eda Rodr\u00edguez Ji\u00adm\u00e9nez, C\u00e9sar F\u00e9lix Ramos Ovalle y Esmeralda Orte\u00adga Polanco.<\/p>\n","protected":false},"excerpt":{"rendered":"<p>SANTO DOMINGO.- La Segunda Sala Penal del Distrito Nacional cono\u00adcer\u00e1 este martes un recur\u00adso de habeas corpus inter\u00adpuesto por el exjefe de seguri\u00addad del expresidente Da\u00adnilo Medina, exgeneral Julio Camilo de los Santos Vio\u00adla, implicado en el caso Coral 5G. En la audiencia, fijada para las 9:00 de la ma\u00f1a\u00adna, el tribunal quien deber\u00e1 decidir [&hellip;]<\/p>\n","protected":false},"author":1,"featured_media":74241,"comment_status":"open","ping_status":"open","sticky":false,"template":"","format":"standard","meta":{"footnotes":""},"categories":[43,44],"tags":[],"class_list":["post-74240","post","type-post","status-publish","format-standard","has-post-thumbnail","hentry","category-politica","category-republica-dominicana"],"_links":{"self":[{"href":"https:\/\/2horizontes.com\/index.php?rest_route=\/wp\/v2\/posts\/74240","targetHints":{"allow":["GET"]}}],"collection":[{"href":"https:\/\/2horizontes.com\/index.php?rest_route=\/wp\/v2\/posts"}],"about":[{"href":"https:\/\/2horizontes.com\/index.php?rest_route=\/wp\/v2\/types\/post"}],"author":[{"embeddable":true,"href":"https:\/\/2horizontes.com\/index.php?rest_route=\/wp\/v2\/users\/1"}],"replies":[{"embeddable":true,"href":"https:\/\/2horizontes.com\/index.php?rest_route=%2Fwp%2Fv2%2Fcomments&post=74240"}],"version-history":[{"count":1,"href":"https:\/\/2horizontes.com\/index.php?rest_route=\/wp\/v2\/posts\/74240\/revisions"}],"predecessor-version":[{"id":74242,"href":"https:\/\/2horizontes.com\/index.php?rest_route=\/wp\/v2\/posts\/74240\/revisions\/74242"}],"wp:featuredmedia":[{"embeddable":true,"href":"https:\/\/2horizontes.com\/index.php?rest_route=\/wp\/v2\/media\/74241"}],"wp:attachment":[{"href":"https:\/\/2horizontes.com\/index.php?rest_route=%2Fwp%2Fv2%2Fmedia&parent=74240"}],"wp:term":[{"taxonomy":"category","embeddable":true,"href":"https:\/\/2horizontes.com\/index.php?rest_route=%2Fwp%2Fv2%2Fcategories&post=74240"},{"taxonomy":"post_tag","embeddable":true,"href":"https:\/\/2horizontes.com\/index.php?rest_route=%2Fwp%2Fv2%2Ftags&post=74240"}],"curies":[{"name":"wp","href":"https:\/\/api.w.org\/{rel}","templated":true}]}}