{"id":74234,"date":"2021-11-17T21:19:16","date_gmt":"2021-11-17T20:19:16","guid":{"rendered":"http:\/\/2horizontes.com\/?p=74234"},"modified":"2021-11-17T21:19:20","modified_gmt":"2021-11-17T20:19:20","slug":"academia-norteamericana-de-literatura-moderna-internacional-anlmi-capitulo-republica-dominicana-acoge-ingreso-de-7-nuevos-miembros-de-numero","status":"publish","type":"post","link":"https:\/\/2horizontes.com\/?p=74234","title":{"rendered":"ACADEMIA NORTEAMERICANA DE LITERATURA MODERNA INTERNACIONAL (ANLMI) CAP\u00cdTULO REP\u00daBLICA DOMINICANA, ACOGE INGRESO DE 7 NUEVOS MIEMBROS DE N\u00daMERO."},"content":{"rendered":"\n<p><\/p>\n\n\n\n<p>Santo Domingo. Los Directivos de la Academia Norteamericana de Literatura Moderna Internacional, Cap\u00edtulo Rep\u00fablica Dominicana, compuesta por los intelectuales, investigadores y escritores: Lic. Juan Col\u00f3n (Presidente), Dr. Ram\u00f3n Saba (Vicepresidente), Dr. Alejandro Arvelo Polanco (Canciller) y la Dra. M\u00e1xima Hern\u00e1ndez Zorrilla (Secretaria), acogieron con benepl\u00e1cito el ingreso de siete (7) nuevos Miembros de N\u00famero a la misma. Son ellos: 1) El Lic. Juan Freddy Armando, publicista, poeta, ensayista y cuentista; 2) el Dr. David \u00c1lvarez Martin, fil\u00f3sofo, vicerrector de la Pontificia Universidad Cat\u00f3lica Madre y Maestra (PUCMM), ensayista y escritor; 3) el Dr. Francisco P\u00e9rez Soriano, fil\u00f3sofo y escritor, Docente de la Universidad Aut\u00f3noma de Santo Domingo (UASD); 4) la Dra. Luisa Navarro, historiadora, investigadora y Docente de la Universidad Aut\u00f3noma de Santo Domingo (UASD), adem\u00e1s de ser escritora de ensayos, y poeta; 5) la Dra. Ibeth Altagracia Guzm\u00e1n Crespo, ling\u00fcista e investigadora. Docente de la Escuela de Letras de la Universidad Aut\u00f3noma de Santo Domingo (UASD). Docente y Directora de la Escuela de Lenguas de la Pontificia Universidad Cat\u00f3lica Madre y Maestra (PUCMM), ensayista y escritora; 6) el Lic. Daniel Tejada, fil\u00f3sofo, investigador, ensayista, cuentista y poeta. Director de la Editorial Solenodonte y Editor de la revista Bit\u00e1cora Cultural 17 (grados) y 36 minutos, perteneciente a la di\u00e1spora dominicana que reside en Madrid, Espa\u00f1a; y 7) el Dr. C\u00e9sar S\u00e1nchez Beras, abogado, novelista, cuentista, ensayista, sonetista, decimero y poeta.<\/p>\n\n\n\n<p>Las palabras de bienvenida fueron pronunciadas por el Lic. Juan Col\u00f3n, en su condici\u00f3n de Presidente, quien destac\u00f3, entre otras cosas, la misi\u00f3n de la Academia Norteamericana de Literatura Moderna Internacional, (ANLMI), Cap\u00edtulo Rep\u00fablica Dominicana, es \u201cdifundir el fuego del protector de la civilizaci\u00f3n humana (el poeta Prometeo), aplicado a la literatura, la poes\u00eda y el arte; tal como lo hiciera el poeta Domingo Moreno Jim\u00e9nez, cuando&nbsp; llevaba su poes\u00eda a los parques; o, como lo hiciera S\u00f3crates en el \u00c1gora. \u00c9sto as\u00ed, en miras de ponerle un torniquete a la hemorragia que sufre el idioma espa\u00f1ol, elemento cultural por antonomasia para la identidad y preservaci\u00f3n de la cultura de los pueblos\u201d; igualmente, valor\u00f3 el acervo intelectual y cultural de los nuevos Miembros de N\u00famero e inst\u00f3 a no desmayar en sus respectivas vocaciones frente a la siembra de la semilla del porvenir.<\/p>\n\n\n\n<p>Cada uno de los nuevos Miembros de N\u00famero acogidos por la Academia Norteamericana de Literatura Moderna Internacional, Cap\u00edtulo Rep\u00fablica Dominicana, present\u00f3 un breve discurso de entrada. En ese tenor, el Lic. Juan Freddy Armando, fundament\u00f3 el suyo bajo el t\u00edtulo \u201cUsted no decidi\u00f3 ser lo que es, ni opinar lo que opina\u201d; en tanto que, el Dr. David \u00c1lvarez Martin, puntualiz\u00f3 \u201cque todo lo que se escribe y todo lo que se dice, busca de alg\u00fan modo afectar la realidad, menos la poes\u00eda, de suerte que, el verdadero poeta no pretende narrar, ni usar, ni utilizar, ni mucho menos, explicar, sino que, simplemente bebe en la fuente \u00fanica del lenguaje, saca, piensa y trae al sujeto oculto\u2026\u201d; el Dr. Francisco P\u00e9rez Soriano abord\u00f3 su discursiva en lo relativo al tema de la \u201cInfluencia renacentista y moderna y el \u00edndice de cr\u00edtica en la deriva teol\u00f3gica de la primera comunidad dominica de inicios del Siglo XVI; mientras que la Dra. Luisa Navarro, argument\u00f3 muy expl\u00edcitamente la tem\u00e1tica de \u201cLa \u00faltima pared del tiempo c\u00f3smico\u201d; la Dra. Ibeth Guzm\u00e1n Crespo, de su parte, titul\u00f3 su discurso \u201cLeer y escribir: Un hito de tormento y una virtuosa tentaci\u00f3n\u201d; el Lic. Daniel Tejada, trat\u00f3 el tema: \u201cLas influencias de Wittgenstein en Jos\u00e9 \u00c1ngel Valente, uno de los m\u00e1s influyentes escritores de la l\u00edrica espa\u00f1ola\u201d; y por \u00faltimo, el Dr. C\u00e9sar S\u00e1nchez Beras, apunt\u00f3 sobre su trayectoria en la literatura, toda vez que trabaja con mucha flexibilidad todos los g\u00e9neros literarios.<\/p>\n\n\n\n<p>Los nuevos Miembros de N\u00famero de la ANLMI, expresaron su expl\u00edcita conformidad y prometieron dar lo mejor de s\u00ed&nbsp; frente al compromiso asumido como nuevos Miembros de N\u00famero de la ANLMI, Cap\u00edtulo Rep\u00fablica Dominicana.<\/p>\n\n\n\n<p>Vale decir, que la conducci\u00f3n de dicho acto estuvo a cargo de la Dra. M\u00e1xima Hern\u00e1ndez, y que, al presentarse el final del acto, el Lic Juan Col\u00f3n, muy respetuosamente, solicit\u00f3 al Dr. Alejandro Arvelo Polanco, Canciller de la ANLMI, Rector de la Universidad Tecnol\u00f3gica de Santiago, Recinto Gaspar Hern\u00e1ndez, que pronunciara las palabras de clausura del mismo, y, quien a la vez, manifestara lo altamente honrado y complacido que se siente por haber escuchado cada uno de los discursos presentados por los acad\u00e9micos, cuyas trayectorias, afirm\u00f3 conocer desde hacen varios a\u00f1os, por cu\u00e1nto, reiter\u00f3 la bienvenida a los nuevos Miembros de N\u00famero a la ANLMI, Cap\u00edtulo Rep\u00fablica Dominicana, previam<\/p>\n","protected":false},"excerpt":{"rendered":"<p>Santo Domingo. Los Directivos de la Academia Norteamericana de Literatura Moderna Internacional, Cap\u00edtulo Rep\u00fablica Dominicana, compuesta por los intelectuales, investigadores y escritores: Lic. Juan Col\u00f3n (Presidente), Dr. Ram\u00f3n Saba (Vicepresidente), Dr. Alejandro Arvelo Polanco (Canciller) y la Dra. M\u00e1xima Hern\u00e1ndez Zorrilla (Secretaria), acogieron con benepl\u00e1cito el ingreso de siete (7) nuevos Miembros de N\u00famero a [&hellip;]<\/p>\n","protected":false},"author":1,"featured_media":74235,"comment_status":"open","ping_status":"open","sticky":false,"template":"","format":"standard","meta":{"footnotes":""},"categories":[62,55,40,44],"tags":[],"class_list":["post-74234","post","type-post","status-publish","format-standard","has-post-thumbnail","hentry","category-cultura","category-educacion","category-internacionales","category-republica-dominicana"],"_links":{"self":[{"href":"https:\/\/2horizontes.com\/index.php?rest_route=\/wp\/v2\/posts\/74234","targetHints":{"allow":["GET"]}}],"collection":[{"href":"https:\/\/2horizontes.com\/index.php?rest_route=\/wp\/v2\/posts"}],"about":[{"href":"https:\/\/2horizontes.com\/index.php?rest_route=\/wp\/v2\/types\/post"}],"author":[{"embeddable":true,"href":"https:\/\/2horizontes.com\/index.php?rest_route=\/wp\/v2\/users\/1"}],"replies":[{"embeddable":true,"href":"https:\/\/2horizontes.com\/index.php?rest_route=%2Fwp%2Fv2%2Fcomments&post=74234"}],"version-history":[{"count":1,"href":"https:\/\/2horizontes.com\/index.php?rest_route=\/wp\/v2\/posts\/74234\/revisions"}],"predecessor-version":[{"id":74236,"href":"https:\/\/2horizontes.com\/index.php?rest_route=\/wp\/v2\/posts\/74234\/revisions\/74236"}],"wp:featuredmedia":[{"embeddable":true,"href":"https:\/\/2horizontes.com\/index.php?rest_route=\/wp\/v2\/media\/74235"}],"wp:attachment":[{"href":"https:\/\/2horizontes.com\/index.php?rest_route=%2Fwp%2Fv2%2Fmedia&parent=74234"}],"wp:term":[{"taxonomy":"category","embeddable":true,"href":"https:\/\/2horizontes.com\/index.php?rest_route=%2Fwp%2Fv2%2Fcategories&post=74234"},{"taxonomy":"post_tag","embeddable":true,"href":"https:\/\/2horizontes.com\/index.php?rest_route=%2Fwp%2Fv2%2Ftags&post=74234"}],"curies":[{"name":"wp","href":"https:\/\/api.w.org\/{rel}","templated":true}]}}