{"id":74189,"date":"2021-10-21T15:02:41","date_gmt":"2021-10-21T14:02:41","guid":{"rendered":"http:\/\/2horizontes.com\/?p=74189"},"modified":"2021-10-21T15:02:42","modified_gmt":"2021-10-21T14:02:42","slug":"amadita-laboratorio-presenta-panel-deteccion-del-alzheimer","status":"publish","type":"post","link":"https:\/\/2horizontes.com\/?p=74189","title":{"rendered":"Amadita Laboratorio presenta panel detecci\u00f3n del Alzheimer"},"content":{"rendered":"\n<p>SANTO DOMINGO.-&nbsp;Con el objetivo de dar a conocer el nuevo panel de biomarcadores para el diagn\u00f3stico de &nbsp;Alzheimer, Amadita Laboratorio Cl\u00ednico auspici\u00f3 la charla \u00abLos rostros de la enfermedad de Alzheimer\u201d, impartida por el doctor Miguel Montilla, director m\u00e9dico de Fujirebio para Latinoam\u00e9rica.<\/p>\n\n\n\n<p>La doctora Patricia Gonz\u00e1lez Pittaluga, presidente ejecutiva de Amadita Laboratorio Cl\u00ednico, dijo que este centro procesa el panel de Alzheimer.<\/p>\n\n\n\n<p>.&nbsp;\u201cEn Amadita hemos aunado esfuerzos con nuestros aliados de Distribuidora Cruz Ayala y Fujirebio, para poner a la disposici\u00f3n de los especialistas m\u00e9dicos y de toda la poblaci\u00f3n dominicana un panel de biomarcadores para la detecci\u00f3n del Alzheimer. Este nuevo panel busca una detecci\u00f3n temprana, anticipar un diagn\u00f3stico para prolongar la vida del paciente diagnosticado con la enfermedad\u201d, indic\u00f3 Gonz\u00e1lez Pittaluga.<\/p>\n\n\n\n<p>El doctor Miguel Mantilla, quien es bi\u00f3logo y microbi\u00f3logo con MSc en Biolog\u00eda Molecular M\u00e9dica por la Universidad de Buenos Aires; y PhD en Neurociencias por la Universidad Jerusal\u00e9n, expres\u00f3 que el dep\u00f3sito de amiloide en el cerebro es un proceso inicial que impulsa la fisiopatolog\u00eda del Alzheimer.<\/p>\n\n\n\n<p>Refiri\u00f3 que esta enfermedad es un tipo de trastorno neurol\u00f3gico progresivo que hace que el cerebro se encoja, lo que se conoce como atrofia y que las neuronas cerebrales mueran.<\/p>\n\n\n\n<p>\u201cTambi\u00e9n, se conoce que esa enfermedad causa demencia, es decir, un deterioro contin\u00fao en el pensamiento, comportamiento y habilidades que afecta la capacidad de una persona para vivir de forma independiente\u201d.<\/p>\n\n\n\n<p><em>jpm-am<\/em><\/p>\n","protected":false},"excerpt":{"rendered":"<p>SANTO DOMINGO.-&nbsp;Con el objetivo de dar a conocer el nuevo panel de biomarcadores para el diagn\u00f3stico de &nbsp;Alzheimer, Amadita Laboratorio Cl\u00ednico auspici\u00f3 la charla \u00abLos rostros de la enfermedad de Alzheimer\u201d, impartida por el doctor Miguel Montilla, director m\u00e9dico de Fujirebio para Latinoam\u00e9rica. La doctora Patricia Gonz\u00e1lez Pittaluga, presidente ejecutiva de Amadita Laboratorio Cl\u00ednico, dijo [&hellip;]<\/p>\n","protected":false},"author":4,"featured_media":74190,"comment_status":"open","ping_status":"open","sticky":true,"template":"","format":"standard","meta":{"footnotes":""},"categories":[44,45],"tags":[],"class_list":["post-74189","post","type-post","status-publish","format-standard","has-post-thumbnail","hentry","category-republica-dominicana","category-salud"],"_links":{"self":[{"href":"https:\/\/2horizontes.com\/index.php?rest_route=\/wp\/v2\/posts\/74189","targetHints":{"allow":["GET"]}}],"collection":[{"href":"https:\/\/2horizontes.com\/index.php?rest_route=\/wp\/v2\/posts"}],"about":[{"href":"https:\/\/2horizontes.com\/index.php?rest_route=\/wp\/v2\/types\/post"}],"author":[{"embeddable":true,"href":"https:\/\/2horizontes.com\/index.php?rest_route=\/wp\/v2\/users\/4"}],"replies":[{"embeddable":true,"href":"https:\/\/2horizontes.com\/index.php?rest_route=%2Fwp%2Fv2%2Fcomments&post=74189"}],"version-history":[{"count":1,"href":"https:\/\/2horizontes.com\/index.php?rest_route=\/wp\/v2\/posts\/74189\/revisions"}],"predecessor-version":[{"id":74191,"href":"https:\/\/2horizontes.com\/index.php?rest_route=\/wp\/v2\/posts\/74189\/revisions\/74191"}],"wp:featuredmedia":[{"embeddable":true,"href":"https:\/\/2horizontes.com\/index.php?rest_route=\/wp\/v2\/media\/74190"}],"wp:attachment":[{"href":"https:\/\/2horizontes.com\/index.php?rest_route=%2Fwp%2Fv2%2Fmedia&parent=74189"}],"wp:term":[{"taxonomy":"category","embeddable":true,"href":"https:\/\/2horizontes.com\/index.php?rest_route=%2Fwp%2Fv2%2Fcategories&post=74189"},{"taxonomy":"post_tag","embeddable":true,"href":"https:\/\/2horizontes.com\/index.php?rest_route=%2Fwp%2Fv2%2Ftags&post=74189"}],"curies":[{"name":"wp","href":"https:\/\/api.w.org\/{rel}","templated":true}]}}