{"id":74170,"date":"2021-10-14T16:17:38","date_gmt":"2021-10-14T15:17:38","guid":{"rendered":"http:\/\/2horizontes.com\/?p=74170"},"modified":"2021-10-14T16:17:40","modified_gmt":"2021-10-14T15:17:40","slug":"eutanasia-los-7-paises-del-mundo-donde-es-una-practica-legal-y-cual-es-la-situacion-en-america-latina","status":"publish","type":"post","link":"https:\/\/2horizontes.com\/?p=74170","title":{"rendered":"Eutanasia: los 7 pa\u00edses del mundo donde es una pr\u00e1ctica legal (y cu\u00e1l es la situaci\u00f3n en Am\u00e9rica Latina)"},"content":{"rendered":"\n<p><strong>La eutanasia de la colombiana Martha Sep\u00falveda, que estaba programada para el domingo 10 de octubre, fue cancelada horas antes.<\/strong><\/p>\n\n\n\n<p>La mujer iba a ser la primera persona en recibir el procedimiento en Colombia sin tener una enfermedad terminal.<\/p>\n\n\n\n<p>Seg\u00fan el comunicado difundido el s\u00e1bado por el Instituto Colombiano del Dolor (Incodol), el Comit\u00e9 Cient\u00edfico Interdisciplinario por el Derecho a una Muerte Digna \u00abdecidi\u00f3 por unanimidad suspender el tr\u00e1mite\u00bb al se\u00f1alar que \u00abno se cumple el criterio de rescisi\u00f3n, tal como se tuvo en cuenta en la primera comisi\u00f3n\u00bb cuando el caso fue respectivamente evaluado.<\/p>\n\n\n\n<p>En Colombia, la eutanasia&nbsp;<strong>fue despenalizada en 1997,<\/strong>&nbsp;pero solo se convirti\u00f3 en ley en 2015. Desde entonces se han llevado a cabo 157 procesos.<\/p>\n\n\n\n<p>En julio pasado, la Corte Constitucional del pa\u00eds extendi\u00f3 el derecho a una muerte digna a quienes padezcan \u00abun intenso sufrimiento f\u00edsico o ps\u00edquico\u00bb por causa de una lesi\u00f3n o enfermedad incurable. Y el de Martha Sep\u00falveda se hab\u00eda convertido en el primer caso en que se autorizaba una eutanasia en un paciente que no ten\u00eda una enfermedad terminal.<\/p>\n","protected":false},"excerpt":{"rendered":"<p>La eutanasia de la colombiana Martha Sep\u00falveda, que estaba programada para el domingo 10 de octubre, fue cancelada horas antes. La mujer iba a ser la primera persona en recibir el procedimiento en Colombia sin tener una enfermedad terminal. Seg\u00fan el comunicado difundido el s\u00e1bado por el Instituto Colombiano del Dolor (Incodol), el Comit\u00e9 Cient\u00edfico [&hellip;]<\/p>\n","protected":false},"author":4,"featured_media":74171,"comment_status":"open","ping_status":"open","sticky":false,"template":"","format":"standard","meta":{"footnotes":""},"categories":[45],"tags":[],"class_list":["post-74170","post","type-post","status-publish","format-standard","has-post-thumbnail","hentry","category-salud"],"_links":{"self":[{"href":"https:\/\/2horizontes.com\/index.php?rest_route=\/wp\/v2\/posts\/74170","targetHints":{"allow":["GET"]}}],"collection":[{"href":"https:\/\/2horizontes.com\/index.php?rest_route=\/wp\/v2\/posts"}],"about":[{"href":"https:\/\/2horizontes.com\/index.php?rest_route=\/wp\/v2\/types\/post"}],"author":[{"embeddable":true,"href":"https:\/\/2horizontes.com\/index.php?rest_route=\/wp\/v2\/users\/4"}],"replies":[{"embeddable":true,"href":"https:\/\/2horizontes.com\/index.php?rest_route=%2Fwp%2Fv2%2Fcomments&post=74170"}],"version-history":[{"count":1,"href":"https:\/\/2horizontes.com\/index.php?rest_route=\/wp\/v2\/posts\/74170\/revisions"}],"predecessor-version":[{"id":74172,"href":"https:\/\/2horizontes.com\/index.php?rest_route=\/wp\/v2\/posts\/74170\/revisions\/74172"}],"wp:featuredmedia":[{"embeddable":true,"href":"https:\/\/2horizontes.com\/index.php?rest_route=\/wp\/v2\/media\/74171"}],"wp:attachment":[{"href":"https:\/\/2horizontes.com\/index.php?rest_route=%2Fwp%2Fv2%2Fmedia&parent=74170"}],"wp:term":[{"taxonomy":"category","embeddable":true,"href":"https:\/\/2horizontes.com\/index.php?rest_route=%2Fwp%2Fv2%2Fcategories&post=74170"},{"taxonomy":"post_tag","embeddable":true,"href":"https:\/\/2horizontes.com\/index.php?rest_route=%2Fwp%2Fv2%2Ftags&post=74170"}],"curies":[{"name":"wp","href":"https:\/\/api.w.org\/{rel}","templated":true}]}}