{"id":74097,"date":"2021-10-05T15:00:53","date_gmt":"2021-10-05T14:00:53","guid":{"rendered":"http:\/\/2horizontes.com\/?p=74097"},"modified":"2021-10-05T15:00:56","modified_gmt":"2021-10-05T14:00:56","slug":"acuerdan-vacunar-contra-covid-19-a-ninos-de-entre-5-y-11-anos-en-rd","status":"publish","type":"post","link":"https:\/\/2horizontes.com\/?p=74097","title":{"rendered":"Acuerdan vacunar contra covid-19 a ni\u00f1os de entre 5 y 11 a\u00f1os en RD"},"content":{"rendered":"\n<p>Santo Domingo, 4 oct.- Especialistas y autoridades de Salud de Rep\u00fablica Dominicana acordaron este lunes que se autorice la vacunaci\u00f3n de los menores de entre cinco y once a\u00f1os como medida preventiva contra la covid-19, inform\u00f3 Salud P\u00fablica.<\/p>\n\n\n\n<div class=\"wp-block-image\"><figure class=\"alignright\"><a href=\"https:\/\/almomento.net\/wp-content\/uploads\/2021\/10\/Vista-1.jpg\"><img decoding=\"async\" src=\"https:\/\/almomento.net\/wp-content\/uploads\/2021\/10\/Vista-1.jpg\" alt=\"\" class=\"wp-image-738942\"\/><\/a><\/figure><\/div>\n\n\n\n<p>El Ministerio de Salud, el Colegio M\u00e9dico Dominicano y las sociedades m\u00e9dicas especializadas llegaron a un consenso en este sentido durante una reuni\u00f3n convocada con el objetivo de escuchar los planteamientos de las entidades m\u00e9dicas sobre c\u00f3mo, cu\u00e1ndo y con qu\u00e9 vacuna inocular a la poblaci\u00f3n infantil del pa\u00eds.<\/p>\n\n\n\n<p>Las conclusiones surgidas de la reuni\u00f3n se presentar\u00e1n este mismo martes al Gabinete de Salud para que las autoridades est\u00e9n al tanto de las ideas acordadas y tomen las decisiones pertinentes.<\/p>\n\n\n\n<p>Los participantes expusieron su posici\u00f3n sobre el tema y consideraron \u00abque la decisi\u00f3n de aplicar el biol\u00f3gico debe ir acompa\u00f1ada de un estudio del perfil epidemiol\u00f3gico en ni\u00f1os a partir de la apertura de clases presenciales, contar con la evidencia cient\u00edfica avalada por agencias especializadas y establecer protocolos adecuados\u00bb, se\u00f1ala un comunicado de Salud P\u00fablica. EFE<\/p>\n\n\n\n<p>mmv<\/p>\n","protected":false},"excerpt":{"rendered":"<p>Santo Domingo, 4 oct.- Especialistas y autoridades de Salud de Rep\u00fablica Dominicana acordaron este lunes que se autorice la vacunaci\u00f3n de los menores de entre cinco y once a\u00f1os como medida preventiva contra la covid-19, inform\u00f3 Salud P\u00fablica. El Ministerio de Salud, el Colegio M\u00e9dico Dominicano y las sociedades m\u00e9dicas especializadas llegaron a un consenso [&hellip;]<\/p>\n","protected":false},"author":4,"featured_media":74098,"comment_status":"open","ping_status":"open","sticky":false,"template":"","format":"standard","meta":{"footnotes":""},"categories":[44,45],"tags":[],"class_list":["post-74097","post","type-post","status-publish","format-standard","has-post-thumbnail","hentry","category-republica-dominicana","category-salud"],"_links":{"self":[{"href":"https:\/\/2horizontes.com\/index.php?rest_route=\/wp\/v2\/posts\/74097","targetHints":{"allow":["GET"]}}],"collection":[{"href":"https:\/\/2horizontes.com\/index.php?rest_route=\/wp\/v2\/posts"}],"about":[{"href":"https:\/\/2horizontes.com\/index.php?rest_route=\/wp\/v2\/types\/post"}],"author":[{"embeddable":true,"href":"https:\/\/2horizontes.com\/index.php?rest_route=\/wp\/v2\/users\/4"}],"replies":[{"embeddable":true,"href":"https:\/\/2horizontes.com\/index.php?rest_route=%2Fwp%2Fv2%2Fcomments&post=74097"}],"version-history":[{"count":1,"href":"https:\/\/2horizontes.com\/index.php?rest_route=\/wp\/v2\/posts\/74097\/revisions"}],"predecessor-version":[{"id":74099,"href":"https:\/\/2horizontes.com\/index.php?rest_route=\/wp\/v2\/posts\/74097\/revisions\/74099"}],"wp:featuredmedia":[{"embeddable":true,"href":"https:\/\/2horizontes.com\/index.php?rest_route=\/wp\/v2\/media\/74098"}],"wp:attachment":[{"href":"https:\/\/2horizontes.com\/index.php?rest_route=%2Fwp%2Fv2%2Fmedia&parent=74097"}],"wp:term":[{"taxonomy":"category","embeddable":true,"href":"https:\/\/2horizontes.com\/index.php?rest_route=%2Fwp%2Fv2%2Fcategories&post=74097"},{"taxonomy":"post_tag","embeddable":true,"href":"https:\/\/2horizontes.com\/index.php?rest_route=%2Fwp%2Fv2%2Ftags&post=74097"}],"curies":[{"name":"wp","href":"https:\/\/api.w.org\/{rel}","templated":true}]}}