{"id":74094,"date":"2021-10-05T14:55:36","date_gmt":"2021-10-05T13:55:36","guid":{"rendered":"http:\/\/2horizontes.com\/?p=74094"},"modified":"2021-10-05T14:55:39","modified_gmt":"2021-10-05T13:55:39","slug":"primera-dama-rd-pide-perdon-a-familia-joven-asesinada-por-cabo","status":"publish","type":"post","link":"https:\/\/2horizontes.com\/?p=74094","title":{"rendered":"Primera Dama RD pide perd\u00f3n a familia joven asesinada por cabo"},"content":{"rendered":"\n<p>SANTO DOMINGO.-&nbsp;La primera dama de la Rep\u00fablica Dominicana, Raquel Arbaje, pidi\u00f3 perd\u00f3n a la familia de la joven arquitecta&nbsp;Leslie Rosado, ultimada la noche del s\u00e1bado por un cabo de la Polic\u00eda.<\/p>\n\n\n\n<p>\u00abMi dolor ante la muerte de la madre y arquitecta Leslie Rosado me dej\u00f3 en \u2018shock\u2019 y esper\u00e9 las investigaciones oficiales. Hoy s\u00f3lo digo: NADA justifica lo ocurrido. La justicia tiene su rol en este caso. Hoy pido perd\u00f3n a sus madre, padre, esposo e hijos. Ya basta!\u00bb, expres\u00f3 Arbaje en&nbsp;Twitter.<\/p>\n\n\n\n<p>Dijo que \u00abcomo ciudadana\u00bb alzar\u00e1 su voz para que haya \u00abacciones concretas en lo que llega la \u2018Reforma Policial&#8217;\u00bb.<\/p>\n\n\n\n<figure class=\"wp-block-image\"><img decoding=\"async\" src=\"https:\/\/almomento.net\/wp-content\/uploads\/2021\/10\/ar.jpg\" alt=\"\" class=\"wp-image-738769\"\/><\/figure>\n","protected":false},"excerpt":{"rendered":"<p>SANTO DOMINGO.-&nbsp;La primera dama de la Rep\u00fablica Dominicana, Raquel Arbaje, pidi\u00f3 perd\u00f3n a la familia de la joven arquitecta&nbsp;Leslie Rosado, ultimada la noche del s\u00e1bado por un cabo de la Polic\u00eda. \u00abMi dolor ante la muerte de la madre y arquitecta Leslie Rosado me dej\u00f3 en \u2018shock\u2019 y esper\u00e9 las investigaciones oficiales. Hoy s\u00f3lo digo: [&hellip;]<\/p>\n","protected":false},"author":4,"featured_media":74095,"comment_status":"open","ping_status":"open","sticky":false,"template":"","format":"standard","meta":{"footnotes":""},"categories":[44],"tags":[],"class_list":["post-74094","post","type-post","status-publish","format-standard","has-post-thumbnail","hentry","category-republica-dominicana"],"_links":{"self":[{"href":"https:\/\/2horizontes.com\/index.php?rest_route=\/wp\/v2\/posts\/74094","targetHints":{"allow":["GET"]}}],"collection":[{"href":"https:\/\/2horizontes.com\/index.php?rest_route=\/wp\/v2\/posts"}],"about":[{"href":"https:\/\/2horizontes.com\/index.php?rest_route=\/wp\/v2\/types\/post"}],"author":[{"embeddable":true,"href":"https:\/\/2horizontes.com\/index.php?rest_route=\/wp\/v2\/users\/4"}],"replies":[{"embeddable":true,"href":"https:\/\/2horizontes.com\/index.php?rest_route=%2Fwp%2Fv2%2Fcomments&post=74094"}],"version-history":[{"count":1,"href":"https:\/\/2horizontes.com\/index.php?rest_route=\/wp\/v2\/posts\/74094\/revisions"}],"predecessor-version":[{"id":74096,"href":"https:\/\/2horizontes.com\/index.php?rest_route=\/wp\/v2\/posts\/74094\/revisions\/74096"}],"wp:featuredmedia":[{"embeddable":true,"href":"https:\/\/2horizontes.com\/index.php?rest_route=\/wp\/v2\/media\/74095"}],"wp:attachment":[{"href":"https:\/\/2horizontes.com\/index.php?rest_route=%2Fwp%2Fv2%2Fmedia&parent=74094"}],"wp:term":[{"taxonomy":"category","embeddable":true,"href":"https:\/\/2horizontes.com\/index.php?rest_route=%2Fwp%2Fv2%2Fcategories&post=74094"},{"taxonomy":"post_tag","embeddable":true,"href":"https:\/\/2horizontes.com\/index.php?rest_route=%2Fwp%2Fv2%2Ftags&post=74094"}],"curies":[{"name":"wp","href":"https:\/\/api.w.org\/{rel}","templated":true}]}}