{"id":73990,"date":"2021-09-07T17:06:19","date_gmt":"2021-09-07T16:06:19","guid":{"rendered":"http:\/\/2horizontes.com\/?p=73990"},"modified":"2021-09-07T17:06:22","modified_gmt":"2021-09-07T16:06:22","slug":"un-hospital-de-logrono-cambio-por-error-a-dos-bebes-en-2002","status":"publish","type":"post","link":"https:\/\/2horizontes.com\/?p=73990","title":{"rendered":"Un hospital de Logro\u00f1o cambi\u00f3 por error a dos beb\u00e9s en 2002"},"content":{"rendered":"\n<p>La denunciante descubri\u00f3 que no viv\u00eda con sus padres biol\u00f3gicos por unas pruebas de ADN. Pide una indemnizaci\u00f3n de tres millones de euros a la Consejer\u00eda de Salud de La Rioja<\/p>\n\n\n\n<p>Una mujer de 19 a\u00f1os ha denunciado que fue intercambiada cuando era un beb\u00e9 en un hospital p\u00fablico de Logro\u00f1o y recal\u00f3 en una familia que no era la suya en 2002.&nbsp;<a href=\"https:\/\/www.larioja.com\/la-rioja\/bebes-intercambiados-2002-20210907222812-nt.html\" target=\"_blank\" rel=\"noreferrer noopener\">El diario&nbsp;<em>LaRioja.com<\/em><\/a>, que ha dado a conocer el caso, detalla que la perjudicada reclama tres millones de euros a la Consejer\u00eda de Salud por los da\u00f1os causados. Este departamento reconoce el error y sostiene que se trat\u00f3 de un fallo humano. No ha trascendido ninguna reacci\u00f3n por parte de la otra afectada, que fue informada de la presunta negligencia. El Gobierno de La Rioja no tiene constancia de que esta otra v\u00edctima haya denunciado.<\/p>\n\n\n\n<p>Las dos mujeres implicadas nacieron el mismo d\u00eda en el ya desaparecido hospital logro\u00f1\u00e9s de San Mill\u00e1n. Ambas lo hicieron con apenas cinco horas de diferencia y con poco peso, de ah\u00ed que fuesen destinadas al \u00e1rea de incubadoras para permitir su desarrollo completo. Fue entonces cuando se produjo el supuesto fallo que provoc\u00f3 que las peque\u00f1as acabaran en brazos de una familia que no era la suya.<\/p>\n\n\n\n<p>La denunciante, cuyo nombre real no ha trascendido, pas\u00f3 de un entorno estructurado a una familia con complicaciones y fue criada por la que cre\u00eda que era su abuela, siempre seg\u00fan el citado medio. La primera sospecha lleg\u00f3 cuando en 2017 la presunta madre demand\u00f3 al presunto padre de la entonces adolescente porque el hombre no se hac\u00eda cargo de ella. Las disputas terminaron en una prueba de ADN que revel\u00f3 que ese var\u00f3n no era el progenitor de la chica y unos an\u00e1lisis posteriores revelaron que su presunta madre tampoco ten\u00eda relaci\u00f3n gen\u00e9tica con la menor.<\/p>\n\n\n\n<h3 class=\"wp-block-heading\">\u201cD\u00edganme qui\u00e9n soy\u201d<\/h3>\n\n\n\n<p>El abogado que est\u00e1 gestionando el caso, Jos\u00e9 S\u00e1ez-Morga, explica que la perjudicada, cuando cumpli\u00f3 16 a\u00f1os, se dirigi\u00f3 a los letrados con una petici\u00f3n: \u201cD\u00edganme ustedes qui\u00e9n soy\u201d. Entonces acudieron a la inspecci\u00f3n de Salud de La Rioja y comenzaron unas pesquisas con un resultado: en esas fechas hab\u00eda 17 ni\u00f1as que pod\u00edan coincidir con la denunciante. La sucesi\u00f3n de investigaciones como an\u00e1lisis sangu\u00edneos indicaron que solo hay un beb\u00e9 con la que la afectada podr\u00eda haber sido intercambiada.<\/p>\n\n\n\n<h3 class=\"wp-block-heading\">M\u00c1S INFORMACI\u00d3N<\/h3>\n\n\n\n<ul class=\"wp-block-list\"><li>El Supremo no considera probado el primer caso que analiza de beb\u00e9s robados<\/li><\/ul>\n\n\n\n<p>El procedimiento actualmente se encuentra a expensas de unas pruebas de ADN solicitadas el pasado enero para descubrir si los padres de aquel beb\u00e9 eran en realidad los biol\u00f3gicos de la clienta de S\u00e1ez-Morga. Este afirma que las evidencias ya conocidas les invitan a pensar que est\u00e1n en lo cierto. Seg\u00fan detalla el letrado, las dos afectadas no se han puesto en contacto hasta ahora.<\/p>\n\n\n\n<p>El jurista detalla que el proceso se encuentra actualmente en dos procedimientos jur\u00eddicos. Uno, a cargo de la Fiscal\u00eda, que se person\u00f3 como defensa de las menores en un proceso de filiaci\u00f3n y para corregir el fallo del Registro Civil, pues las identidades de dos personas no son correspondientes. Asimismo, este abogado trabaja de parte de la denunciante y ha reclamado tres millones de euros como compensaci\u00f3n por los da\u00f1os generados. El Gobierno riojano, sostiene S\u00e1ez-Morga, se escuda en que no hay \u201ccausalidad ni hechos injur\u00eddicos\u201d en lo ocurrido y plantea una indemnizaci\u00f3n de 215.000 euros. El letrado detalla que esta \u201cnegligencia\u201d conlleva una causalidad recogida en el art\u00edculo 220.5 del C\u00f3digo Penal.<\/p>\n\n\n\n<p>La consejera de Sanidad de la comunidad, Sara Alba, ha sostenido que el caso ocurri\u00f3 hace ya casi 20 a\u00f1os y que van a respetar los procedimientos judiciales: \u201cEs un caso que se produjo hace dos d\u00e9cadas y que se judicializ\u00f3 durante la legislatura pasada\u201d. Asimismo, Alba ha destacado que \u201cfue un error humano\u201d y no han logrado \u201cconcluir qui\u00e9n fue\u201d.<\/p>\n","protected":false},"excerpt":{"rendered":"<p>La denunciante descubri\u00f3 que no viv\u00eda con sus padres biol\u00f3gicos por unas pruebas de ADN. Pide una indemnizaci\u00f3n de tres millones de euros a la Consejer\u00eda de Salud de La Rioja Una mujer de 19 a\u00f1os ha denunciado que fue intercambiada cuando era un beb\u00e9 en un hospital p\u00fablico de Logro\u00f1o y recal\u00f3 en una [&hellip;]<\/p>\n","protected":false},"author":1,"featured_media":73991,"comment_status":"open","ping_status":"open","sticky":false,"template":"","format":"standard","meta":{"footnotes":""},"categories":[85,83,45],"tags":[],"class_list":["post-73990","post","type-post","status-publish","format-standard","has-post-thumbnail","hentry","category-espana","category-reportajes","category-salud"],"_links":{"self":[{"href":"https:\/\/2horizontes.com\/index.php?rest_route=\/wp\/v2\/posts\/73990","targetHints":{"allow":["GET"]}}],"collection":[{"href":"https:\/\/2horizontes.com\/index.php?rest_route=\/wp\/v2\/posts"}],"about":[{"href":"https:\/\/2horizontes.com\/index.php?rest_route=\/wp\/v2\/types\/post"}],"author":[{"embeddable":true,"href":"https:\/\/2horizontes.com\/index.php?rest_route=\/wp\/v2\/users\/1"}],"replies":[{"embeddable":true,"href":"https:\/\/2horizontes.com\/index.php?rest_route=%2Fwp%2Fv2%2Fcomments&post=73990"}],"version-history":[{"count":1,"href":"https:\/\/2horizontes.com\/index.php?rest_route=\/wp\/v2\/posts\/73990\/revisions"}],"predecessor-version":[{"id":73992,"href":"https:\/\/2horizontes.com\/index.php?rest_route=\/wp\/v2\/posts\/73990\/revisions\/73992"}],"wp:featuredmedia":[{"embeddable":true,"href":"https:\/\/2horizontes.com\/index.php?rest_route=\/wp\/v2\/media\/73991"}],"wp:attachment":[{"href":"https:\/\/2horizontes.com\/index.php?rest_route=%2Fwp%2Fv2%2Fmedia&parent=73990"}],"wp:term":[{"taxonomy":"category","embeddable":true,"href":"https:\/\/2horizontes.com\/index.php?rest_route=%2Fwp%2Fv2%2Fcategories&post=73990"},{"taxonomy":"post_tag","embeddable":true,"href":"https:\/\/2horizontes.com\/index.php?rest_route=%2Fwp%2Fv2%2Ftags&post=73990"}],"curies":[{"name":"wp","href":"https:\/\/api.w.org\/{rel}","templated":true}]}}