{"id":73978,"date":"2021-09-07T16:44:08","date_gmt":"2021-09-07T15:44:08","guid":{"rendered":"http:\/\/2horizontes.com\/?p=73978"},"modified":"2021-09-07T16:44:10","modified_gmt":"2021-09-07T15:44:10","slug":"abinader-nombra-a-jose-bono-consul-honorario-rd-en-albacete","status":"publish","type":"post","link":"https:\/\/2horizontes.com\/?p=73978","title":{"rendered":"Abinader nombra a Jos\u00e9 Bono c\u00f3nsul honorario RD en Albacete"},"content":{"rendered":"\n<p>SANTO DOMINGO.- El presidente Luis Abinader nombr\u00f3 al espa\u00f1ol nacionalizado dominicano Jos\u00e9 Bono como&nbsp;c\u00f3nsul honorario de la Rep\u00fablica Doominicana en Albacete, Espa\u00f1a.<\/p>\n\n\n\n<p>Despu\u00e9s de que el pasado octubre de 2020 Jos\u00e9 Bono obtuviera la nacionalidad dominicana, ahora, el que fuera ministro de Defensa con Jos\u00e9 Luis Rodr\u00edguez Zapatero podr\u00eda convertirse en C\u00f3nsul Honorario del pa\u00eds caribe\u00f1o en Albacete, tal y como adelantan fuentes solventes a elcierredigital.com.<\/p>\n\n\n\n<p>El cargo, que solo es competente para ejercer un n\u00famero limitado y secundario de las funciones consulares, le permitir\u00eda, no obstante, obtener ciertos privilegios.<\/p>\n\n\n\n<p>Bono, quien a penas hace un a\u00f1o que se nacionaliz\u00f3 como dominicano, fue presidente de la Junta de Castilla-La Mancha, ministro de Defensa con Jos\u00e9 Luis Rodr\u00edguez Zapatero y presidente del Congreso de los Diputados, en Espa\u00f1a.<\/p>\n\n\n\n<p>Tal y como avanzan fuentes solventes del pa\u00eds caribe\u00f1o a elcierredigital.com, el ex pol\u00edtico socialista contar\u00e1 con despacho propio en la ciudad castellanomanchega y gozar\u00e1 de algunos privilegios diplom\u00e1ticos asociados a este cargo. Entre ellos, tal y como establece la Convenci\u00f3n de Viena sobre Relaciones Consulares, Jos\u00e9 Bono podr\u00e1 beneficiarse de la valija diplom\u00e1tica o de la libertad de tr\u00e1nsito.<\/p>\n\n\n\n<p><strong>Nacionalizado dominicano<\/strong><\/p>\n\n\n\n<p>El pasado octubre, trascend\u00eda la noticia de la nueva nacionalidad de Jos\u00e9 Bono quien, adem\u00e1s de espa\u00f1ol, se convert\u00eda en dominicano.<\/p>\n\n\n\n<p>El presidente Luis Abinader, por entonces reci\u00e9n nombrado, le concedi\u00f3 la nacionalidad en virtud de la Ley 1863 del 16 de abril de 1948 sobre Naturalizaci\u00f3n y sus modificaciones. As\u00ed, a Bono se conced\u00eda la nacionalidad a \u00abt\u00edtulo de naturalizaci\u00f3n privilegiada\u00bb.<\/p>\n\n\n\n<p>El propio Bono ofrec\u00eda explicaciones en esas fechas, aclarando que \u00abcon la Rep\u00fablica Dominicana, Espa\u00f1a mantiene convenio vigente de doble nacionalidad y son miles los ciudadanos que poseen ambas (\u2026) L\u00f3gicamente no supone merma de mi condici\u00f3n de espa\u00f1ol en ning\u00fan \u00e1mbito y tiene car\u00e1cter honor\u00edfico y sentimental\u00bb.<\/p>\n\n\n\n<p><strong>Una relaci\u00f3n fraguada con el tiempo<\/strong><\/p>\n\n\n\n<p>El exministro de Defensa ha frecuentado el pa\u00eds que preside Abinader con relativa periodicidad en los \u00faltimos a\u00f1os, tanto a nivel diplom\u00e1tico como particular. Es de sobra conocida su cercana amistad con Hip\u00f3lito Mej\u00eda que, en su d\u00eda, trabaj\u00f3 estrechamente con Abinader.<\/p>\n\n\n\n<p>En el contexto de la guerra de Irak, cuando Bono era ministro de Defensa, fue el encargado de coordinar la retirada de las unidades espa\u00f1olas.<\/p>\n\n\n\n<p>Mej\u00eda, que por aquel entonces presid\u00eda la Rep\u00fablica Dominicana, decidi\u00f3 hacer lo propio con las tropas que hab\u00eda destinado al pa\u00eds asi\u00e1tico.<\/p>\n\n\n\n<p>M\u00e1s de una d\u00e9cada despu\u00e9s, Bono protagoniz\u00f3 una de sus primeras acciones de colaboraci\u00f3n con Abinader, tomando parte en la inauguraci\u00f3n del Centro de Estudios de Pol\u00edticas P\u00fablicas impulsado por el ahora presidente de la Rep\u00fablica Dominicana, en calidad de orador.<\/p>\n\n\n\n<p>Posteriormente, ya en febrero de 2020, Bono se person\u00f3 en actos electorales de Abinader, como el organizado en Gurabo, una secci\u00f3n de la ciudad dominicana de Santiago donde apareci\u00f3 junto a Mej\u00eda.<\/p>\n","protected":false},"excerpt":{"rendered":"<p>SANTO DOMINGO.- El presidente Luis Abinader nombr\u00f3 al espa\u00f1ol nacionalizado dominicano Jos\u00e9 Bono como&nbsp;c\u00f3nsul honorario de la Rep\u00fablica Doominicana en Albacete, Espa\u00f1a. Despu\u00e9s de que el pasado octubre de 2020 Jos\u00e9 Bono obtuviera la nacionalidad dominicana, ahora, el que fuera ministro de Defensa con Jos\u00e9 Luis Rodr\u00edguez Zapatero podr\u00eda convertirse en C\u00f3nsul Honorario del pa\u00eds [&hellip;]<\/p>\n","protected":false},"author":1,"featured_media":73979,"comment_status":"open","ping_status":"open","sticky":false,"template":"","format":"standard","meta":{"footnotes":""},"categories":[46,43,44],"tags":[],"class_list":["post-73978","post","type-post","status-publish","format-standard","has-post-thumbnail","hentry","category-dominicanos-en-madrid","category-politica","category-republica-dominicana"],"_links":{"self":[{"href":"https:\/\/2horizontes.com\/index.php?rest_route=\/wp\/v2\/posts\/73978","targetHints":{"allow":["GET"]}}],"collection":[{"href":"https:\/\/2horizontes.com\/index.php?rest_route=\/wp\/v2\/posts"}],"about":[{"href":"https:\/\/2horizontes.com\/index.php?rest_route=\/wp\/v2\/types\/post"}],"author":[{"embeddable":true,"href":"https:\/\/2horizontes.com\/index.php?rest_route=\/wp\/v2\/users\/1"}],"replies":[{"embeddable":true,"href":"https:\/\/2horizontes.com\/index.php?rest_route=%2Fwp%2Fv2%2Fcomments&post=73978"}],"version-history":[{"count":1,"href":"https:\/\/2horizontes.com\/index.php?rest_route=\/wp\/v2\/posts\/73978\/revisions"}],"predecessor-version":[{"id":73980,"href":"https:\/\/2horizontes.com\/index.php?rest_route=\/wp\/v2\/posts\/73978\/revisions\/73980"}],"wp:featuredmedia":[{"embeddable":true,"href":"https:\/\/2horizontes.com\/index.php?rest_route=\/wp\/v2\/media\/73979"}],"wp:attachment":[{"href":"https:\/\/2horizontes.com\/index.php?rest_route=%2Fwp%2Fv2%2Fmedia&parent=73978"}],"wp:term":[{"taxonomy":"category","embeddable":true,"href":"https:\/\/2horizontes.com\/index.php?rest_route=%2Fwp%2Fv2%2Fcategories&post=73978"},{"taxonomy":"post_tag","embeddable":true,"href":"https:\/\/2horizontes.com\/index.php?rest_route=%2Fwp%2Fv2%2Ftags&post=73978"}],"curies":[{"name":"wp","href":"https:\/\/api.w.org\/{rel}","templated":true}]}}